{"id":979,"date":"2019-06-21T20:44:13","date_gmt":"2019-06-22T01:44:13","guid":{"rendered":"https:\/\/www.solograndes.com\/portal\/?p=979"},"modified":"2019-06-21T20:44:20","modified_gmt":"2019-06-22T01:44:20","slug":"sebastian-yatra-en-auditorio-citibanamex","status":"publish","type":"post","link":"https:\/\/www.solograndes.com\/portal\/2019\/06\/21\/sebastian-yatra-en-auditorio-citibanamex\/","title":{"rendered":"Sebasti\u00e1n Yatra en Auditorio CitiBanamex"},"content":{"rendered":"\n<p>Este 28 de Junio estaremos bailando y disfrutando de todos los \u00e9xitos de <a href=\"https:\/\/www.facebook.com\/OficialSebastianYatra\/?__tn__=K-R&amp;eid=ARCud2Bwksct80tu_Bb1fS2xYzUVMdnnq8BptZQMJvDvkLBwkGB2gijiHXvloVP5KuTrOMUlajp7Ox86&amp;fref=mentions&amp;__xts__%5B0%5D=68.ARDNAeJMLlb4ibisg37oDtFTnJ4Q1whldeOBMJkr-9rHfBBcBYZ38ss6I_ooEaKiFXG02jViliEqsXVWHlS--aHyqTajNuwtXT9uShafVAJ60bEXykdrO-hof6RH2E3t2w1fbAdmKr85Sz_TwdBnXDSGaEdI5gXQlk7L6qd_glLk1kdVw-rTBGb_kNNqCd6cksGeoqdKMZ15CQOm-noDPdbGH3mU_tSuG9t0oFyYJ3FbOsbg8blpRWIg_JdWO7jESjnrIStE6o2Pkn1ypMW5Vj_k4DwVIGWHbMb4sxsyrPi12vlQGDjvEyaJzelzNrbPJ1QqghRWhWX2wsq_T7ONyY_Oaw\" target=\"_blank\" rel=\"noopener\">Sebastian Yatra<\/a> incluyendo su nuevo tema \u00abRunaway\u00bb\ud83d\ude0d\ud83d\ude0d\ud83d\ude0d \u00bfEst\u00e1n Listos? \ud83d\udc83\ud83c\udfa4\ud83d\ude4c<\/p>\n\n\n\n<p>Un d\u00eda antes (27) se estar\u00e1 presentando en el auditorio Telmex de Guadalajara, y atenci\u00f3n Saltillo, Yatra llega el 20 de Septiembre al Lienzo Charro, Profesor Enrique.<\/p>\n\n\n\n<p>Boletos \ud83c\udf9f\ud83c\udf9f en taquilla y en <a href=\"https:\/\/www.facebook.com\/TicketmasterMexico\/?__tn__=K-R&amp;eid=ARC864Za_D5k6iNiLYQN-MWkDar7rzPD8U7N4xECdhSipOsNS2qQl-GtrPVK73PwnN2zdKreIqdcH4Yh&amp;fref=mentions&amp;__xts__%5B0%5D=68.ARDNAeJMLlb4ibisg37oDtFTnJ4Q1whldeOBMJkr-9rHfBBcBYZ38ss6I_ooEaKiFXG02jViliEqsXVWHlS--aHyqTajNuwtXT9uShafVAJ60bEXykdrO-hof6RH2E3t2w1fbAdmKr85Sz_TwdBnXDSGaEdI5gXQlk7L6qd_glLk1kdVw-rTBGb_kNNqCd6cksGeoqdKMZ15CQOm-noDPdbGH3mU_tSuG9t0oFyYJ3FbOsbg8blpRWIg_JdWO7jESjnrIStE6o2Pkn1ypMW5Vj_k4DwVIGWHbMb4sxsyrPi12vlQGDjvEyaJzelzNrbPJ1QqghRWhWX2wsq_T7ONyY_Oaw\" target=\"_blank\" rel=\"noopener\">Ticketmaster M\u00e9xico<\/a> \ud83d\udc49 <\/p>\n<div class=\"fb-background-color\">\n\t\t\t  <div \n\t\t\t  \tclass = \"fb-comments\" \n\t\t\t  \tdata-href = \"https:\/\/www.solograndes.com\/portal\/2019\/06\/21\/sebastian-yatra-en-auditorio-citibanamex\/\"\n\t\t\t  \tdata-numposts = \"10\"\n\t\t\t  \tdata-lazy = \"true\"\n\t\t\t\tdata-colorscheme = \"light\"\n\t\t\t\tdata-order-by = \"reverse_time\"\n\t\t\t\tdata-mobile=true>\n\t\t\t  <\/div><\/div>\n\t\t  <style>\n\t\t    .fb-background-color {\n\t\t\t\tbackground:  !important;\n\t\t\t}\n\t\t\t.fb_iframe_widget_fluid_desktop iframe {\n\t\t\t    width: 100% !important;\n\t\t\t}\n\t\t  <\/style>\n\t\t  ","protected":false},"excerpt":{"rendered":"<p>Este 28 de Junio estaremos bailando y disfrutando de todos los \u00e9xitos de Sebastian Yatra incluyendo su nuevo tema \u00abRunaway\u00bb\ud83d\ude0d\ud83d\ude0d\ud83d\ude0d \u00bfEst\u00e1n Listos? \ud83d\udc83\ud83c\udfa4\ud83d\ude4c Un d\u00eda antes (27) se estar\u00e1 presentando en el auditorio Telmex de Guadalajara, y atenci\u00f3n Saltillo, Yatra llega el 20 de Septiembre al Lienzo Charro, Profesor Enrique. Boletos \ud83c\udf9f\ud83c\udf9f en taquilla y [&hellip;]<\/p>\n","protected":false},"author":1,"featured_media":980,"comment_status":"open","ping_status":"open","sticky":false,"template":"","format":"standard","meta":{"_jetpack_memberships_contains_paid_content":false,"footnotes":""},"categories":[17],"tags":[],"class_list":["post-979","post","type-post","status-publish","format-standard","has-post-thumbnail","hentry","category-eventos"],"jetpack_featured_media_url":"https:\/\/www.solograndes.com\/portal\/wp-content\/uploads\/2019\/06\/Sebasti\u00e1n-Yatra-Junio-28.jpg","jetpack_sharing_enabled":true,"_links":{"self":[{"href":"https:\/\/www.solograndes.com\/portal\/wp-json\/wp\/v2\/posts\/979","targetHints":{"allow":["GET"]}}],"collection":[{"href":"https:\/\/www.solograndes.com\/portal\/wp-json\/wp\/v2\/posts"}],"about":[{"href":"https:\/\/www.solograndes.com\/portal\/wp-json\/wp\/v2\/types\/post"}],"author":[{"embeddable":true,"href":"https:\/\/www.solograndes.com\/portal\/wp-json\/wp\/v2\/users\/1"}],"replies":[{"embeddable":true,"href":"https:\/\/www.solograndes.com\/portal\/wp-json\/wp\/v2\/comments?post=979"}],"version-history":[{"count":1,"href":"https:\/\/www.solograndes.com\/portal\/wp-json\/wp\/v2\/posts\/979\/revisions"}],"predecessor-version":[{"id":981,"href":"https:\/\/www.solograndes.com\/portal\/wp-json\/wp\/v2\/posts\/979\/revisions\/981"}],"wp:featuredmedia":[{"embeddable":true,"href":"https:\/\/www.solograndes.com\/portal\/wp-json\/wp\/v2\/media\/980"}],"wp:attachment":[{"href":"https:\/\/www.solograndes.com\/portal\/wp-json\/wp\/v2\/media?parent=979"}],"wp:term":[{"taxonomy":"category","embeddable":true,"href":"https:\/\/www.solograndes.com\/portal\/wp-json\/wp\/v2\/categories?post=979"},{"taxonomy":"post_tag","embeddable":true,"href":"https:\/\/www.solograndes.com\/portal\/wp-json\/wp\/v2\/tags?post=979"}],"curies":[{"name":"wp","href":"https:\/\/api.w.org\/{rel}","templated":true}]}}