{"id":946,"date":"2019-06-16T16:15:37","date_gmt":"2019-06-16T21:15:37","guid":{"rendered":"https:\/\/www.solograndes.com\/portal\/?p=946"},"modified":"2019-06-22T13:49:36","modified_gmt":"2019-06-22T18:49:36","slug":"norma-lazareno-bichir-y-pablo-valentin","status":"publish","type":"post","link":"https:\/\/www.solograndes.com\/portal\/2019\/06\/16\/norma-lazareno-bichir-y-pablo-valentin\/","title":{"rendered":"Norma Lazareno, Bichir y Pablo Valent\u00edn&#8230;"},"content":{"rendered":"\n<p>Junio  16 2019.- Los actores Norma Lazareno, Odiseo Bichir y Pablo Valent\u00edn  nos hablan de sus expectativas en relaci\u00f3n al concepto La Nueva Casa del  Teatro en ShowCenter. <br>Recuerden que el arranque de este concepto se dar\u00e1 el pr\u00f3ximo mi\u00e9rcoles 19 de Junio  con la obra \u00abA oscuras me da risa\u00bb, el s\u00e1bado 6 de Julio se presentar\u00e1n  \u00abLos Mosqueteros del Rey\u00bb con los actores Pablo Valent\u00edn, Alejandro  Camacho, Patricio Castillo y H\u00e9ctor Bonilla, el mi\u00e9rcoles 17 de Julio se  presenta Ignacio L\u00f3pez Tarso con la obra \u00abUna vida en el teatro\u00bb, el 24  de Julio \u00abMaduras, Solteras y Desesperadas\u00bb y el mi\u00e9rcoles 14 de Agosto con Odiseo Bichir  \u00abLa Cabra (\u00bfQui\u00e9n es Silvia?)\u00bb; todas con dos funciones, 7pm y 9:30pm. <\/p>\n\n\n\n<p><img loading=\"lazy\" decoding=\"async\" src=\"https:\/\/www.solograndes.com\/portal\/wp-content\/uploads\/2019\/06\/logo-youtube-48x34.png\" alt=\"\" width=\"37\" height=\"26\" border=\"0\" align=\"left\"> Si prefieres ver este video en Youtube haz click aqu\u00ed: <a href=\"https:\/\/youtu.be\/1KgmSepyR-o\" target=\"_blank\" rel=\"noopener\">https:\/\/youtu.be\/1KgmSepyR-o<\/a><\/p>\n\n\n\n<p> <a href=\"https:\/\/www.facebook.com\/hashtag\/showcentermty?source=feed_text&amp;epa=HASHTAG&amp;__xts__%5B0%5D=68.ARAcbJhgd4_0iICS86Yc3NT_6zzgfbmoem5oYs_hD1d08D67eilDhVm2hakWIJGa9_HRRWF7DEheQc9J4gDgJTMftaDyTwa702vhhIDF7_hI5MIynWrgHto7OSgX2hIu_P7LyqoqQOlLSykA2LOs11jCaLOL8BUx49XLr7V7xcEhLLBzIzvjtZIPEoJEOFfYocH8H5XKIPsBhmMJ3-9wSgoyPecmjCZt53nrIJDd39124kjYNy3drgT2A39AoT-IDOyQwxLjjrDLtkz2uWealyXfWa3qQ1hRIZq_SdWdR2KwM4wRLTdWhGo5ubEX3q02IOK9V8-k2NB1fXqVC65PVsCy8ln5gdhYZ94g3mwzw5m_4_1EARKdKXgyHYvvRaz3k-uy5pC-oZezxs0_g55rO2mLDSrq1qNTFBKDYPgxuX425BbSeJ86KKT_tUjZITr6ZOSgHkcCT786euOna9lQHmISMK2859X76bpBBZjwKi3BlRFOuT887g4&amp;__tn__=%2ANK-R\" target=\"_blank\" rel=\"noopener\">#ShowCenterMty<\/a><br> <a href=\"https:\/\/www.facebook.com\/hashtag\/solograndes?source=feed_text&amp;epa=HASHTAG&amp;__xts__%5B0%5D=68.ARAcbJhgd4_0iICS86Yc3NT_6zzgfbmoem5oYs_hD1d08D67eilDhVm2hakWIJGa9_HRRWF7DEheQc9J4gDgJTMftaDyTwa702vhhIDF7_hI5MIynWrgHto7OSgX2hIu_P7LyqoqQOlLSykA2LOs11jCaLOL8BUx49XLr7V7xcEhLLBzIzvjtZIPEoJEOFfYocH8H5XKIPsBhmMJ3-9wSgoyPecmjCZt53nrIJDd39124kjYNy3drgT2A39AoT-IDOyQwxLjjrDLtkz2uWealyXfWa3qQ1hRIZq_SdWdR2KwM4wRLTdWhGo5ubEX3q02IOK9V8-k2NB1fXqVC65PVsCy8ln5gdhYZ94g3mwzw5m_4_1EARKdKXgyHYvvRaz3k-uy5pC-oZezxs0_g55rO2mLDSrq1qNTFBKDYPgxuX425BbSeJ86KKT_tUjZITr6ZOSgHkcCT786euOna9lQHmISMK2859X76bpBBZjwKi3BlRFOuT887g4&amp;__tn__=%2ANK-R\" target=\"_blank\" rel=\"noopener\">#SoloGrandes<\/a><br> <a href=\"https:\/\/www.facebook.com\/hashtag\/teatroenmonterrey?source=feed_text&amp;epa=HASHTAG&amp;__xts__%5B0%5D=68.ARAcbJhgd4_0iICS86Yc3NT_6zzgfbmoem5oYs_hD1d08D67eilDhVm2hakWIJGa9_HRRWF7DEheQc9J4gDgJTMftaDyTwa702vhhIDF7_hI5MIynWrgHto7OSgX2hIu_P7LyqoqQOlLSykA2LOs11jCaLOL8BUx49XLr7V7xcEhLLBzIzvjtZIPEoJEOFfYocH8H5XKIPsBhmMJ3-9wSgoyPecmjCZt53nrIJDd39124kjYNy3drgT2A39AoT-IDOyQwxLjjrDLtkz2uWealyXfWa3qQ1hRIZq_SdWdR2KwM4wRLTdWhGo5ubEX3q02IOK9V8-k2NB1fXqVC65PVsCy8ln5gdhYZ94g3mwzw5m_4_1EARKdKXgyHYvvRaz3k-uy5pC-oZezxs0_g55rO2mLDSrq1qNTFBKDYPgxuX425BbSeJ86KKT_tUjZITr6ZOSgHkcCT786euOna9lQHmISMK2859X76bpBBZjwKi3BlRFOuT887g4&amp;__tn__=%2ANK-R\" target=\"_blank\" rel=\"noopener\">#TeatroenMonterrey<\/a><\/p>\n<div class=\"fb-background-color\">\n\t\t\t  <div \n\t\t\t  \tclass = \"fb-comments\" \n\t\t\t  \tdata-href = \"https:\/\/www.solograndes.com\/portal\/2019\/06\/16\/norma-lazareno-bichir-y-pablo-valentin\/\"\n\t\t\t  \tdata-numposts = \"10\"\n\t\t\t  \tdata-lazy = \"true\"\n\t\t\t\tdata-colorscheme = \"light\"\n\t\t\t\tdata-order-by = \"reverse_time\"\n\t\t\t\tdata-mobile=true>\n\t\t\t  <\/div><\/div>\n\t\t  <style>\n\t\t    .fb-background-color {\n\t\t\t\tbackground:  !important;\n\t\t\t}\n\t\t\t.fb_iframe_widget_fluid_desktop iframe {\n\t\t\t    width: 100% !important;\n\t\t\t}\n\t\t  <\/style>\n\t\t  ","protected":false},"excerpt":{"rendered":"<p>Junio 16 2019.- Los actores Norma Lazareno, Odiseo Bichir y Pablo Valent\u00edn nos hablan de sus expectativas en relaci\u00f3n al concepto La Nueva Casa del Teatro en ShowCenter. Recuerden que el arranque de este concepto se dar\u00e1 el pr\u00f3ximo mi\u00e9rcoles 19 de Junio con la obra \u00abA oscuras me da risa\u00bb, el s\u00e1bado 6 de [&hellip;]<\/p>\n","protected":false},"author":1,"featured_media":948,"comment_status":"open","ping_status":"open","sticky":false,"template":"","format":"video","meta":{"_jetpack_memberships_contains_paid_content":false,"footnotes":""},"categories":[19],"tags":[],"class_list":["post-946","post","type-post","status-publish","format-video","has-post-thumbnail","hentry","category-entrevistas","post_format-post-format-video"],"jetpack_featured_media_url":"https:\/\/www.solograndes.com\/portal\/wp-content\/uploads\/2019\/06\/ACTORES-Teatro-Opt.jpg","jetpack_sharing_enabled":true,"_links":{"self":[{"href":"https:\/\/www.solograndes.com\/portal\/wp-json\/wp\/v2\/posts\/946","targetHints":{"allow":["GET"]}}],"collection":[{"href":"https:\/\/www.solograndes.com\/portal\/wp-json\/wp\/v2\/posts"}],"about":[{"href":"https:\/\/www.solograndes.com\/portal\/wp-json\/wp\/v2\/types\/post"}],"author":[{"embeddable":true,"href":"https:\/\/www.solograndes.com\/portal\/wp-json\/wp\/v2\/users\/1"}],"replies":[{"embeddable":true,"href":"https:\/\/www.solograndes.com\/portal\/wp-json\/wp\/v2\/comments?post=946"}],"version-history":[{"count":2,"href":"https:\/\/www.solograndes.com\/portal\/wp-json\/wp\/v2\/posts\/946\/revisions"}],"predecessor-version":[{"id":992,"href":"https:\/\/www.solograndes.com\/portal\/wp-json\/wp\/v2\/posts\/946\/revisions\/992"}],"wp:featuredmedia":[{"embeddable":true,"href":"https:\/\/www.solograndes.com\/portal\/wp-json\/wp\/v2\/media\/948"}],"wp:attachment":[{"href":"https:\/\/www.solograndes.com\/portal\/wp-json\/wp\/v2\/media?parent=946"}],"wp:term":[{"taxonomy":"category","embeddable":true,"href":"https:\/\/www.solograndes.com\/portal\/wp-json\/wp\/v2\/categories?post=946"},{"taxonomy":"post_tag","embeddable":true,"href":"https:\/\/www.solograndes.com\/portal\/wp-json\/wp\/v2\/tags?post=946"}],"curies":[{"name":"wp","href":"https:\/\/api.w.org\/{rel}","templated":true}]}}