{"id":7566,"date":"2026-09-02T12:21:08","date_gmt":"2026-09-02T17:21:08","guid":{"rendered":"https:\/\/www.solograndes.com\/portal\/?p=7566"},"modified":"2026-09-02T12:21:10","modified_gmt":"2026-09-02T17:21:10","slug":"easykid-anuncia-el-soy-un-fatalista-tour","status":"publish","type":"post","link":"https:\/\/www.solograndes.com\/portal\/2026\/09\/02\/easykid-anuncia-el-soy-un-fatalista-tour\/","title":{"rendered":"EASYKID ANUNCIA EL\u00a0\u201cSOY UN FATALISTA TOUR\u201d"},"content":{"rendered":"\n<figure class=\"wp-block-table\"><table class=\"has-fixed-layout\"><tbody><tr><td class=\"has-text-align-center\" data-align=\"center\">L<strong>A GRAN GIRA QUE LO TRAER\u00c1 DE REGRESO<\/strong> <strong>A\u00a0MONTERREY<\/strong><br><br><strong>DE SOUNDCLOUD, A SU PRIMER ESTADIO EN SANTIAGO Y AHORA A LATINOAM\u00c9RICA, EL ARTISTA INICIA EL CAP\u00cdTULO M\u00c1S AMBICIOSO DE SU CARRERA\u00a0<\/strong><br><br><strong>LA VENTA GENERAL DE BOLETOS COMENZAR\u00c1 EL 2 DE SEPTIEMBRE DE 2026<\/strong><img width=\"570\"><br><br>La estrella viral chilena\u00a0<strong>EASYKID\u00a0<\/strong>anuncia su gira por Latinoam\u00e9rica\u00a0<strong>\u201cSoy Un Fatalista Int Tour\u201d<\/strong>, que lo llevar\u00e1 por\u00a0<strong>Chile<\/strong>,\u00a0<strong>Argentina, Per\u00fa y M\u00e9xico\u00a0<\/strong>durante noviembre, y Monterrey ser\u00e1 parte de este esperado regreso.\u00a0<br><br>El recorrido comenzar\u00e1 el\u00a0<strong>14 de noviembre\u00a0<\/strong>en el E<strong>stadio Bicentenario de La Florida<\/strong>, en\u00a0<strong>Santiago<\/strong>, donde el artista chileno ofrecer\u00e1 el espect\u00e1culo m\u00e1s importante de su carrera hasta la fecha. Con\u00a0<strong>capacidad para 27.800 asistentes<\/strong>, el recinto representa un punto decisivo en una trayectoria que lo ha llevado de espacios \u00edntimos a algunos de los festivales y escenarios m\u00e1s importantes de Chile y el extranjero.\u00a0<br><br>Despu\u00e9s de\u00a0<strong>Santiago<\/strong>, la gira visitar\u00e1\u00a0<strong>Buenos Aires, Lima, Monterrey, Ciudad de M\u00e9xico\u00a0<\/strong>y\u00a0<strong>Guadalajara<\/strong>, expandiendo la visi\u00f3n creativa de\u00a0<strong>EASYKID\u00a0<\/strong>a p\u00fablicos de toda la regi\u00f3n.<\/td><\/tr><\/tbody><\/table><\/figure>\n\n\n\n<figure class=\"wp-block-table\"><table class=\"has-fixed-layout\"><tbody><tr><td class=\"has-text-align-center\" data-align=\"center\"><strong>25 de noviembre 2026 &#8211; Foro Corona &#8211; Monterrey<\/strong><br><br>El tour marca un momento importante en la carrera del artista, que se dio a conocer a trav\u00e9s de lanzamientos independientes en\u00a0<strong>SounCloud<\/strong>, que lo llev\u00f3 a convertirse en una de las voces virales m\u00e1s conocidas en\u00a0<strong>TikTok\u00a0<\/strong>en el \u00faltimo a\u00f1o, hasta preparar su primer concierto como headliner en un estadio de su natal Chile.\u00a0<br><br>En el centro de estos conciertos se encuentra el universo de\u00a0<strong>\u201cSoy Un Fatalista\u201d<\/strong>, un nuevo cap\u00edtulo emocional, musical y visual que el artista ha comenzado a revelar gradualmente a trav\u00e9s de sus redes sociales. La gira ampliar\u00e1 esa visi\u00f3n m\u00e1s all\u00e1 de la m\u00fasica, combinando puesta en escena, narrativa, moda y direcci\u00f3n creativa en una experiencia concebida especialmente para\u00a0<strong>\u201cEl Culto\u201d<\/strong>, la comunidad que ha acompa\u00f1ado su crecimiento desde el inicio.\u00a0<br><br><em>\u201cEn este concierto van a poder ver el resultado de este nuevo proyecto, \u2018Soy Un Fatalista\u2019, donde la meta ser\u00e1 soltar todo lo que hemos tenido guardado\u201d,\u00a0<\/em>dice\u00a0<strong>EASYKID<\/strong>.\u00a0<em>\u201cTodo lo que ir\u00e9 mostrando durante los meses previos va a explotar esa noche en el estadio, y s\u00e9 que mucha gente va a querer ser parte de eso\u201d.\u00a0<\/em><br><br>Este anuncio llega en un momento de importante expansi\u00f3n internacional para\u00a0<strong>EASYKID<\/strong>. Su m\u00fasica ha encontrado una audiencia global a trav\u00e9s de canciones como\u00a0<strong>\u201cSHINY\u201d<\/strong>, que inspir\u00f3\u00a0<strong>m\u00e1s de 3.5 millones de creaciones en TikTok<\/strong>, super\u00f3 los\u00a0<strong>291 millones de reproducciones combinadas\u00a0<\/strong>y alcanz\u00f3 el\u00a0<strong>Top 50 Global\u00a0<\/strong>de\u00a0<strong>Spotify<\/strong>. El \u00e9xito gener\u00f3 videos de artistas como\u00a0<strong>Rosal\u00eda<\/strong>, los\u00a0<strong>Jonas Brothers\u00a0<\/strong>y el grupo de K-pop\u00a0<strong>TOMORROW X TOGETHER<\/strong>, lo que llev\u00f3 a\u00a0<strong>TikTok\u00a0<\/strong>a incluirlo en su serie\u00a0<strong>\u201cBehind the Breakthrough\u201d.\u00a0<\/strong><br><br>Su impacto creativo tambi\u00e9n le vali\u00f3 un lugar en\u00a0<em><strong>The Future 25\u00a0<\/strong><\/em>de\u00a0<strong>Rolling Stone\u00a0<\/strong>en Espa\u00f1ol, una selecci\u00f3n que reconoce a los artistas que est\u00e1n dando forma al\u00a0futuro de la m\u00fasica latina. El reconocimiento sigui\u00f3 al \u00e9xito de\u00a0<strong>\u201cSorry, Estoy En Mi Darkera\u201d<\/strong>, el proyecto con el que\u00a0<strong>EASYKID\u00a0<\/strong>estableci\u00f3 el universo\u00a0<strong>\u201cDarkera\u201d\u00a0<\/strong>y se posicion\u00f3 como una de las voces creativas m\u00e1s originales y vers\u00e1tiles de su generaci\u00f3n.\u00a0<br><br>Su crecimiento tambi\u00e9n se ha reflejado en vivo, con presentaciones recientes en\u00a0<strong>Coca-Cola Flow Fest\u00a0<\/strong>en\u00a0<strong>M\u00e9xico<\/strong>,\u00a0<strong>Lollapalooza Argentina<\/strong>,\u00a0<strong>Sue\u00f1os Festival\u00a0<\/strong>en\u00a0<strong>Chicago\u00a0<\/strong>y\u00a0<strong>Boombastic Festival\u00a0<\/strong>en\u00a0<strong>Espa\u00f1a<\/strong>. Esta nueva gira representa el siguiente paso de esa evoluci\u00f3n y llevar\u00e1 su propuesta m\u00e1s ambiciosa hasta ahora a seis ciudades de Latinoam\u00e9rica.\u00a0<br><br><strong>EASYKID\u00a0<\/strong>tambi\u00e9n ha colaborado con artistas como\u00a0<strong>TRUENO<\/strong>,\u00a0<strong>Kidd Voodoo<\/strong>,\u00a0<strong>NSQK<\/strong>,\u00a0<strong>Kreamly<\/strong>,\u00a0<strong>Pablo Chill-E\u00a0<\/strong>y\u00a0<strong>Kali Uchis<\/strong>. M\u00e1s all\u00e1 de la m\u00fasica, su presencia creativa se ha extendido a la moda, con apariciones en\u00a0<strong>Prototype\u00a0<\/strong>durante\u00a0<strong>London Fashion Week\u00a0<\/strong>y como invitado en eventos de\u00a0<strong>Maison Mihara Yasuhiro, Y-3 adidas, KWAME ADUSEI\u00a0<\/strong>y\u00a0<strong>Puma Suede\u00a0<\/strong>alrededor de Paris\u00a0<strong>Fashion Week.\u00a0<\/strong><br><br>Los boletos para su esperado show en Monterrey podr\u00e1n adquirirse a partir del 2 de septiembre a trav\u00e9s de\u00a0<strong>Ticketmaster<\/strong>.<br><br><strong>Visita las redes de Easykid:<\/strong><br><strong><a href=\"https:\/\/r.mailing.apodaca.com.mx\/mk\/cl\/f\/sh\/1t6Af4OiGsDg0kVmbae0K3BqRtJ74d\/PW1xAuSq1Umt\" target=\"_blank\" rel=\"noreferrer noopener\">YOUTUBE<\/a>\u00a0|\u00a0<a href=\"https:\/\/r.mailing.apodaca.com.mx\/mk\/cl\/f\/sh\/1t6Af4OiGsE8LSiCzwjvUJFfpiHqmh\/6MTuq8eglGa1\" target=\"_blank\" rel=\"noreferrer noopener\">INSTAGRAM<\/a>\u00a0|\u00a0<\/strong><a href=\"https:\/\/r.mailing.apodaca.com.mx\/mk\/cl\/f\/sh\/1t6Af4OiGsEagAudOIpqeZJVDXGaUl\/OPijlhnUm_D3\" target=\"_blank\" rel=\"noreferrer noopener\"><\/a><a href=\"https:\/\/r.mailing.apodaca.com.mx\/mk\/cl\/f\/sh\/1t6Af4OiGsF30t73mevlopNKbMFKCp\/H6TUvgOTBdSk\" target=\"_blank\" rel=\"noreferrer noopener\"><strong>FACEBOOK<\/strong><\/a><\/td><\/tr><\/tbody><\/table><\/figure>\n\n\n\n<p class=\"wp-block-paragraph\"><\/p>\n<div class=\"fb-background-color\">\n\t\t\t  <div \n\t\t\t  \tclass = \"fb-comments\" \n\t\t\t  \tdata-href = \"https:\/\/www.solograndes.com\/portal\/2026\/09\/02\/easykid-anuncia-el-soy-un-fatalista-tour\/\"\n\t\t\t  \tdata-numposts = \"10\"\n\t\t\t  \tdata-lazy = \"true\"\n\t\t\t\tdata-colorscheme = \"light\"\n\t\t\t\tdata-order-by = \"reverse_time\"\n\t\t\t\tdata-mobile=true>\n\t\t\t  <\/div><\/div>\n\t\t  <style>\n\t\t    .fb-background-color {\n\t\t\t\tbackground:  !important;\n\t\t\t}\n\t\t\t.fb_iframe_widget_fluid_desktop iframe {\n\t\t\t    width: 100% !important;\n\t\t\t}\n\t\t  <\/style>\n\t\t  ","protected":false},"excerpt":{"rendered":"<p>LA GRAN GIRA QUE LO TRAER\u00c1 DE REGRESO A\u00a0MONTERREY DE SOUNDCLOUD, A SU PRIMER ESTADIO EN SANTIAGO Y AHORA A LATINOAM\u00c9RICA, EL ARTISTA INICIA EL CAP\u00cdTULO M\u00c1S AMBICIOSO DE SU CARRERA\u00a0 LA VENTA GENERAL DE BOLETOS COMENZAR\u00c1 EL 2 DE SEPTIEMBRE DE 2026 La estrella viral chilena\u00a0EASYKID\u00a0anuncia su gira por Latinoam\u00e9rica\u00a0\u201cSoy Un Fatalista Int Tour\u201d, [&hellip;]<\/p>\n","protected":false},"author":1,"featured_media":7567,"comment_status":"open","ping_status":"open","sticky":false,"template":"","format":"standard","meta":{"_jetpack_memberships_contains_paid_content":false,"footnotes":""},"categories":[20],"tags":[],"class_list":["post-7566","post","type-post","status-publish","format-standard","has-post-thumbnail","hentry","category-musica"],"jetpack_featured_media_url":"https:\/\/www.solograndes.com\/portal\/wp-content\/uploads\/2026\/09\/MONTERREY-MX-PT-1-scaled.png","jetpack_sharing_enabled":true,"_links":{"self":[{"href":"https:\/\/www.solograndes.com\/portal\/wp-json\/wp\/v2\/posts\/7566","targetHints":{"allow":["GET"]}}],"collection":[{"href":"https:\/\/www.solograndes.com\/portal\/wp-json\/wp\/v2\/posts"}],"about":[{"href":"https:\/\/www.solograndes.com\/portal\/wp-json\/wp\/v2\/types\/post"}],"author":[{"embeddable":true,"href":"https:\/\/www.solograndes.com\/portal\/wp-json\/wp\/v2\/users\/1"}],"replies":[{"embeddable":true,"href":"https:\/\/www.solograndes.com\/portal\/wp-json\/wp\/v2\/comments?post=7566"}],"version-history":[{"count":1,"href":"https:\/\/www.solograndes.com\/portal\/wp-json\/wp\/v2\/posts\/7566\/revisions"}],"predecessor-version":[{"id":7568,"href":"https:\/\/www.solograndes.com\/portal\/wp-json\/wp\/v2\/posts\/7566\/revisions\/7568"}],"wp:featuredmedia":[{"embeddable":true,"href":"https:\/\/www.solograndes.com\/portal\/wp-json\/wp\/v2\/media\/7567"}],"wp:attachment":[{"href":"https:\/\/www.solograndes.com\/portal\/wp-json\/wp\/v2\/media?parent=7566"}],"wp:term":[{"taxonomy":"category","embeddable":true,"href":"https:\/\/www.solograndes.com\/portal\/wp-json\/wp\/v2\/categories?post=7566"},{"taxonomy":"post_tag","embeddable":true,"href":"https:\/\/www.solograndes.com\/portal\/wp-json\/wp\/v2\/tags?post=7566"}],"curies":[{"name":"wp","href":"https:\/\/api.w.org\/{rel}","templated":true}]}}