{"id":7306,"date":"2026-04-08T13:23:01","date_gmt":"2026-04-08T18:23:01","guid":{"rendered":"https:\/\/www.solograndes.com\/portal\/?p=7306"},"modified":"2026-04-08T13:28:09","modified_gmt":"2026-04-08T18:28:09","slug":"morat-enamoro-al-publico-regiomontano-en-el-tecate-pal-norte-2026","status":"publish","type":"post","link":"https:\/\/www.solograndes.com\/portal\/2026\/04\/08\/morat-enamoro-al-publico-regiomontano-en-el-tecate-pal-norte-2026\/","title":{"rendered":"Morat enamor\u00f3 al p\u00fablico regiomontano en el Tecate Pa\u2019l Norte 2026"},"content":{"rendered":"\n<p>La banda colombiana, Morat se convirti\u00f3 en uno de los actos m\u00e1s emotivos del Tecate Pa\u2019l Norte 2026 el viernes 27 de marzo, al ofrecer una presentaci\u00f3n cargada de sentimiento, nostalgia y una conexi\u00f3n total con el p\u00fablico en el Parque Fundidora.<\/p>\n\n\n\n<p>Ante miles de asistentes, la banda demostr\u00f3 por qu\u00e9 es uno de los favoritos del pop latino actual, logrando que cada canci\u00f3n fuera coreada de principio a fin.<\/p>\n\n\n\n<p>Un viaje musical lleno de emociones<\/p>\n\n\n\n<p>Desde los primeros acordes, Morat cre\u00f3 una atm\u00f3sfera \u00edntima dentro de un festival masivo, interpretando algunos de sus mayores \u00e9xitos como:<\/p>\n\n\n\n<ul class=\"wp-block-list\">\n<li>\u201cC\u00f3mo Te Atreves\u201d<\/li>\n\n\n\n<li>\u201cBesos en Guerra\u201d<\/li>\n\n\n\n<li>\u201cNo Se Va\u201d<\/li>\n\n\n\n<li>\u201cCuando Nadie Ve\u201d<\/li>\n<\/ul>\n\n\n\n<p>Cada tema fue acompa\u00f1ado por miles de voces, convirtiendo el escenario en un verdadero coro colectivo.<\/p>\n\n\n\n<p>Entre luces, celulares encendidos y emociones a flor de piel, la presentaci\u00f3n logr\u00f3 uno de los ambientes m\u00e1s sentimentales de todo el festival.<\/p>\n\n\n\n<p>Un contraste que conquist\u00f3<\/p>\n\n\n\n<p>En medio de un lineup dominado por el rock y la m\u00fasica electr\u00f3nica, Morat aport\u00f3 un contraste fresco con su estilo pop-folk, demostrando la diversidad musical del Tecate Pa\u2019l Norte 2026.<\/p>\n\n\n\n<p>Su show se convirti\u00f3 en un respiro emocional dentro de la intensidad del evento, conectando especialmente con el p\u00fablico joven.<\/p>\n\n\n\n<p><em>Informaci\u00f3n e im\u00e1genes: David Castillo.<\/em><\/p>\n<div class=\"fb-background-color\">\n\t\t\t  <div \n\t\t\t  \tclass = \"fb-comments\" \n\t\t\t  \tdata-href = \"https:\/\/www.solograndes.com\/portal\/2026\/04\/08\/morat-enamoro-al-publico-regiomontano-en-el-tecate-pal-norte-2026\/\"\n\t\t\t  \tdata-numposts = \"10\"\n\t\t\t  \tdata-lazy = \"true\"\n\t\t\t\tdata-colorscheme = \"light\"\n\t\t\t\tdata-order-by = \"reverse_time\"\n\t\t\t\tdata-mobile=true>\n\t\t\t  <\/div><\/div>\n\t\t  <style>\n\t\t    .fb-background-color {\n\t\t\t\tbackground:  !important;\n\t\t\t}\n\t\t\t.fb_iframe_widget_fluid_desktop iframe {\n\t\t\t    width: 100% !important;\n\t\t\t}\n\t\t  <\/style>\n\t\t  ","protected":false},"excerpt":{"rendered":"<p>La banda colombiana, Morat se convirti\u00f3 en uno de los actos m\u00e1s emotivos del Tecate Pa\u2019l Norte 2026 el viernes 27 de marzo, al ofrecer una presentaci\u00f3n cargada de sentimiento, nostalgia y una conexi\u00f3n total con el p\u00fablico en el Parque Fundidora. Ante miles de asistentes, la banda demostr\u00f3 por qu\u00e9 es uno de los [&hellip;]<\/p>\n","protected":false},"author":1,"featured_media":7308,"comment_status":"open","ping_status":"open","sticky":false,"template":"","format":"video","meta":{"_jetpack_memberships_contains_paid_content":false,"footnotes":""},"categories":[20,18],"tags":[],"class_list":["post-7306","post","type-post","status-publish","format-video","has-post-thumbnail","hentry","category-musica","category-resenas","post_format-post-format-video"],"jetpack_featured_media_url":"https:\/\/www.solograndes.com\/portal\/wp-content\/uploads\/2026\/04\/maxresdefault-1.jpg","jetpack_sharing_enabled":true,"_links":{"self":[{"href":"https:\/\/www.solograndes.com\/portal\/wp-json\/wp\/v2\/posts\/7306","targetHints":{"allow":["GET"]}}],"collection":[{"href":"https:\/\/www.solograndes.com\/portal\/wp-json\/wp\/v2\/posts"}],"about":[{"href":"https:\/\/www.solograndes.com\/portal\/wp-json\/wp\/v2\/types\/post"}],"author":[{"embeddable":true,"href":"https:\/\/www.solograndes.com\/portal\/wp-json\/wp\/v2\/users\/1"}],"replies":[{"embeddable":true,"href":"https:\/\/www.solograndes.com\/portal\/wp-json\/wp\/v2\/comments?post=7306"}],"version-history":[{"count":2,"href":"https:\/\/www.solograndes.com\/portal\/wp-json\/wp\/v2\/posts\/7306\/revisions"}],"predecessor-version":[{"id":7312,"href":"https:\/\/www.solograndes.com\/portal\/wp-json\/wp\/v2\/posts\/7306\/revisions\/7312"}],"wp:featuredmedia":[{"embeddable":true,"href":"https:\/\/www.solograndes.com\/portal\/wp-json\/wp\/v2\/media\/7308"}],"wp:attachment":[{"href":"https:\/\/www.solograndes.com\/portal\/wp-json\/wp\/v2\/media?parent=7306"}],"wp:term":[{"taxonomy":"category","embeddable":true,"href":"https:\/\/www.solograndes.com\/portal\/wp-json\/wp\/v2\/categories?post=7306"},{"taxonomy":"post_tag","embeddable":true,"href":"https:\/\/www.solograndes.com\/portal\/wp-json\/wp\/v2\/tags?post=7306"}],"curies":[{"name":"wp","href":"https:\/\/api.w.org\/{rel}","templated":true}]}}