{"id":7300,"date":"2026-04-08T13:15:53","date_gmt":"2026-04-08T18:15:53","guid":{"rendered":"https:\/\/www.solograndes.com\/portal\/?p=7300"},"modified":"2026-04-08T13:15:54","modified_gmt":"2026-04-08T18:15:54","slug":"tecate-pal-norte-2026-tres-dias-de-musica-energia-y-un-lineup-historico","status":"publish","type":"post","link":"https:\/\/www.solograndes.com\/portal\/2026\/04\/08\/tecate-pal-norte-2026-tres-dias-de-musica-energia-y-un-lineup-historico\/","title":{"rendered":"Tecate Pa\u2019l Norte 2026: tres d\u00edas de m\u00fasica, energ\u00eda y un lineup hist\u00f3rico"},"content":{"rendered":"\n<p>El festival Tecate Pa\u2019l Norte 2026 se consolid\u00f3 una vez m\u00e1s como uno de los festivales musicales m\u00e1s importantes de Am\u00e9rica Latina, reuniendo a miles de asistentes durante tres d\u00edas intensos de m\u00fasica, cultura y entretenimiento en el emblem\u00e1tico Parque Fundidora.<\/p>\n\n\n\n<p>Del 27 al 29 de marzo, el festival ofreci\u00f3 m\u00e1s de 35 horas de m\u00fasica y m\u00e1s de 150 artistas en m\u00faltiples escenarios, reafirmando su lema de ser un evento \u201csiempre ascendente\u201d.<\/p>\n\n\n\n<p>Un lineup de talla internacional<\/p>\n\n\n\n<p>La edici\u00f3n 2026 destac\u00f3 por un cartel encabezado por grandes figuras internacionales y nacionales. Entre los nombres m\u00e1s esperados estuvieron:<\/p>\n\n\n\n<ul class=\"wp-block-list\">\n<li>Tyler, The Creator<\/li>\n\n\n\n<li>Interpol<\/li>\n\n\n\n<li>Guns N\u2019 Roses<\/li>\n\n\n\n<li>The Killers<\/li>\n\n\n\n<li>Deftones<\/li>\n\n\n\n<li>Zo\u00e9<\/li>\n\n\n\n<li>Halsey<\/li>\n<\/ul>\n\n\n\n<p>Adem\u00e1s, el festival ofreci\u00f3 una mezcla de g\u00e9neros que incluy\u00f3 rock, pop, indie, electr\u00f3nica y regional mexicano, con artistas como Grupo Frontera, Morat, Myke Towers, entre otros.<\/p>\n\n\n\n<p>Momentos destacados del festival<\/p>\n\n\n\n<p>Cada d\u00eda ofreci\u00f3 experiencias \u00fanicas para los asistentes:<\/p>\n\n\n\n<ul class=\"wp-block-list\">\n<li>Viernes: La energ\u00eda arranc\u00f3 con propuestas alternativas e internacionales, destacando la presentaci\u00f3n de Tyler, The Creator junto a bandas como Interpol y Deftones.<\/li>\n\n\n\n<li>S\u00e1bado: Uno de los d\u00edas m\u00e1s esperados, con el ansiado regreso de Guns N\u2019 Roses y shows masivos que hicieron vibrar el recinto.<\/li>\n\n\n\n<li>Domingo: El cierre estuvo a cargo de The Killers, acompa\u00f1ado de actos como Zo\u00e9 y The Lumineers, generando uno de los momentos m\u00e1s emotivos del festival.<\/li>\n<\/ul>\n\n\n\n<p>M\u00e1s que m\u00fasica: experiencia completa<\/p>\n\n\n\n<p>M\u00e1s all\u00e1 de los conciertos, el Tecate Pa\u2019l Norte ofreci\u00f3:<\/p>\n\n\n\n<ul class=\"wp-block-list\">\n<li>Zonas gastron\u00f3micas<\/li>\n\n\n\n<li>Experiencias VIP y \u00e1reas exclusivas<\/li>\n\n\n\n<li>Escenarios con producci\u00f3n de nivel internacional<\/li>\n\n\n\n<li>Actividades alternas y \u201cescenarios sorpresa\u201d<\/li>\n<\/ul>\n\n\n\n<p>Todo esto convirti\u00f3 al festival en una experiencia integral que va m\u00e1s all\u00e1 de la m\u00fasica.<\/p>\n\n\n\n<p>Un festival que sigue creciendo<\/p>\n\n\n\n<p>Desde su primera edici\u00f3n en 2012, el evento ha evolucionado hasta convertirse en un referente internacional, destacando por su diversidad musical y su impacto cultural en la regi\u00f3n.<\/p>\n\n\n\n<p>La edici\u00f3n 2026 no fue la excepci\u00f3n: con un cartel ambicioso, una producci\u00f3n de primer nivel y una respuesta masiva del p\u00fablico, el Tecate Pa\u2019l Norte reafirm\u00f3 su lugar como uno de los festivales m\u00e1s importantes del continente.<br>El Tecate Pa\u2019l Norte 2026 dej\u00f3 claro que Monterrey sigue siendo un epicentro musical en Latinoam\u00e9rica. Con un lineup poderoso, experiencias \u00fanicas y miles de asistentes, el festival no solo cumpli\u00f3 expectativas, sino que elev\u00f3 el est\u00e1ndar de los eventos masivos en M\u00e9xico. Ahora esperaremos con que sorprender\u00e1n para el 2027, a\u00f1o en el cual cumplen su 15\u00b0 aniversario.<\/p>\n\n\n\n<p><em>Informaci\u00f3n: David Castillo.<\/em><\/p>\n<div class=\"fb-background-color\">\n\t\t\t  <div \n\t\t\t  \tclass = \"fb-comments\" \n\t\t\t  \tdata-href = \"https:\/\/www.solograndes.com\/portal\/2026\/04\/08\/tecate-pal-norte-2026-tres-dias-de-musica-energia-y-un-lineup-historico\/\"\n\t\t\t  \tdata-numposts = \"10\"\n\t\t\t  \tdata-lazy = \"true\"\n\t\t\t\tdata-colorscheme = \"light\"\n\t\t\t\tdata-order-by = \"reverse_time\"\n\t\t\t\tdata-mobile=true>\n\t\t\t  <\/div><\/div>\n\t\t  <style>\n\t\t    .fb-background-color {\n\t\t\t\tbackground:  !important;\n\t\t\t}\n\t\t\t.fb_iframe_widget_fluid_desktop iframe {\n\t\t\t    width: 100% !important;\n\t\t\t}\n\t\t  <\/style>\n\t\t  ","protected":false},"excerpt":{"rendered":"<p>El festival Tecate Pa\u2019l Norte 2026 se consolid\u00f3 una vez m\u00e1s como uno de los festivales musicales m\u00e1s importantes de Am\u00e9rica Latina, reuniendo a miles de asistentes durante tres d\u00edas intensos de m\u00fasica, cultura y entretenimiento en el emblem\u00e1tico Parque Fundidora. Del 27 al 29 de marzo, el festival ofreci\u00f3 m\u00e1s de 35 horas de [&hellip;]<\/p>\n","protected":false},"author":1,"featured_media":7301,"comment_status":"open","ping_status":"open","sticky":false,"template":"","format":"standard","meta":{"_jetpack_memberships_contains_paid_content":false,"footnotes":""},"categories":[58,20],"tags":[],"class_list":["post-7300","post","type-post","status-publish","format-standard","has-post-thumbnail","hentry","category-noticias","category-musica"],"jetpack_featured_media_url":"https:\/\/www.solograndes.com\/portal\/wp-content\/uploads\/2026\/04\/561755452_18534975460050947_532301415173622378_n.jpg","jetpack_sharing_enabled":true,"_links":{"self":[{"href":"https:\/\/www.solograndes.com\/portal\/wp-json\/wp\/v2\/posts\/7300","targetHints":{"allow":["GET"]}}],"collection":[{"href":"https:\/\/www.solograndes.com\/portal\/wp-json\/wp\/v2\/posts"}],"about":[{"href":"https:\/\/www.solograndes.com\/portal\/wp-json\/wp\/v2\/types\/post"}],"author":[{"embeddable":true,"href":"https:\/\/www.solograndes.com\/portal\/wp-json\/wp\/v2\/users\/1"}],"replies":[{"embeddable":true,"href":"https:\/\/www.solograndes.com\/portal\/wp-json\/wp\/v2\/comments?post=7300"}],"version-history":[{"count":1,"href":"https:\/\/www.solograndes.com\/portal\/wp-json\/wp\/v2\/posts\/7300\/revisions"}],"predecessor-version":[{"id":7302,"href":"https:\/\/www.solograndes.com\/portal\/wp-json\/wp\/v2\/posts\/7300\/revisions\/7302"}],"wp:featuredmedia":[{"embeddable":true,"href":"https:\/\/www.solograndes.com\/portal\/wp-json\/wp\/v2\/media\/7301"}],"wp:attachment":[{"href":"https:\/\/www.solograndes.com\/portal\/wp-json\/wp\/v2\/media?parent=7300"}],"wp:term":[{"taxonomy":"category","embeddable":true,"href":"https:\/\/www.solograndes.com\/portal\/wp-json\/wp\/v2\/categories?post=7300"},{"taxonomy":"post_tag","embeddable":true,"href":"https:\/\/www.solograndes.com\/portal\/wp-json\/wp\/v2\/tags?post=7300"}],"curies":[{"name":"wp","href":"https:\/\/api.w.org\/{rel}","templated":true}]}}