{"id":7281,"date":"2026-03-25T19:00:36","date_gmt":"2026-03-26T00:00:36","guid":{"rendered":"https:\/\/www.solograndes.com\/portal\/?p=7281"},"modified":"2026-03-25T19:00:38","modified_gmt":"2026-03-26T00:00:38","slug":"camilo-worlwide-tour-2026","status":"publish","type":"post","link":"https:\/\/www.solograndes.com\/portal\/2026\/03\/25\/camilo-worlwide-tour-2026\/","title":{"rendered":"CAMILO \u201cWORLWIDE TOUR 2026\u201d"},"content":{"rendered":"\n<p class=\"has-text-align-center\"><strong>Arena CDMX <\/strong>28 de AGOSTO, 21:00 horas<\/p>\n\n\n\n<p class=\"has-text-align-center\"><strong>Arena MONTERREY <\/strong>04 DE SEPTIEMBRE, 21:00 horas<\/p>\n\n\n\n<p class=\"has-text-align-center\"><strong>Arena GUADALAJARA <\/strong>05 de SEPTIEMBRE, 21:00 horas<\/p>\n\n\n\n<p>La superestrella colombiana <strong>Camilo<\/strong> anuncia hoy su gira mundial m\u00e1s ambiciosa hasta la fecha: el <strong>Camilo Worldwide Tour 2026<\/strong>, con el que recorrer\u00e1 m\u00e1s de 15 pa\u00edses de Europa y de todo el continente americano, llegando a M\u00e9xico a la <strong>Arena CDMX<\/strong> el <strong>28 de agosto<\/strong>, <strong>Arena Monterrey<\/strong> el <strong>04 de septiembre<\/strong> y <strong>Arena Guadalajara<\/strong> el <strong>05 de septiembre<\/strong>, a <strong>las 21:00 horas<\/strong>, respectivamente.<\/p>\n\n\n\n<p>El seis veces ganador del Latin GRAMMY\u00ae recorrer\u00e1 Europa, M\u00e9xico, Estados Unidos, el Caribe y Sudam\u00e9rica en una gira que arranca en junio de 2026 en Espa\u00f1a y cierra en diciembre de 2026 en Colombia.<\/p>\n\n\n\n<p>Sus letras, vulnerables y cercanas, se construyen sobre una filosof\u00eda que define su carrera y su comunidad: el Amor como Revoluci\u00f3n. Ese esp\u00edritu es el que ha conectado a <strong>Camilo<\/strong> con millones de personas en Latinoam\u00e9rica, Espa\u00f1a y Estados Unidos y ha dado vida a La Tribu, una de las comunidades de fans m\u00e1s s\u00f3lidas y activas del mundo.<\/p>\n\n\n\n<p>Adem\u00e1s, los fans del cantautor colombiano tendr\u00e1n la oportunidad de descubrir nueva m\u00fasica y adelantos de su quinto \u00e1lbum de estudio, que ver\u00e1 la luz en 2026.<\/p>\n\n\n\n<p>Su versatilidad como artista queda plasmada en colaboraciones con: Camila Cabello, Pablo Albor\u00e1n, Alejandro Sanz, Kapo, Vanesa Mart\u00edn, Kany Garc\u00eda, Ricardo Montaner, Nanpa B\u00e1sico, Evaluna, Luis Cort\u00e9s, Los \u00c1ngeles Azules, Elena Rose, Morat, Yami Safdie, Daniela Spalla, Jacob Collier, Alexander Abreu, Havana D\u2019Primera, Grupo Firme, Myke Towers, Pedro Cap\u00f3 y Manuel Carrasco, entre otros.<\/p>\n\n\n\n<p>Con m\u00e1s de 121 millones de seguidores globales, m\u00e1s de 25.000 millones de reproducciones y 21,9 millones de oyentes mensuales en Spotify, <strong>Camilo<\/strong> es una de las voces m\u00e1s aut\u00e9nticas y masivas de la nueva generaci\u00f3n de cantautores latinoamericanos.<\/p>\n\n\n\n<p><strong>CAMILO WORLDWIDE TOUR 2026:<\/strong><\/p>\n\n\n\n<p><strong><em><u>M\u00c9XICO<\/u><\/em><\/strong><\/p>\n\n\n\n<p>28 de agosto \u2013 CDMX \u2013 Arena CDMX<\/p>\n\n\n\n<p>29 de agosto \u2013 Quer\u00e9taro \u2013 Auditorio Josefa Ortiz de Dom\u00ednguez<\/p>\n\n\n\n<p>30 de agosto \u2013 Le\u00f3n, Gto. \u2013 Domo de la Feria<\/p>\n\n\n\n<p>3 de septiembre \u2013 Veracruz \u2013 World Trade Center<\/p>\n\n\n\n<p>4 de septiembre \u2013 Monterrey \u2013 Arena Monterrey<\/p>\n\n\n\n<p>5 de septiembre \u2013 Guadalajara \u2013 Arena Guadalajara<\/p>\n\n\n\n<p>6 de septiembre \u2013 San Luis Potos\u00ed \u2013 Tangamanga 2<\/p>\n\n\n\n<p>10 de septiembre \u2013 Hermosillo \u2013 CUM<\/p>\n\n\n\n<p>11 de septiembre \u2013 Tampico \u2013 Expo Tampico<\/p>\n\n\n\n<p>12 de septiembre \u2013 Puebla \u2013 Foro GNP<\/p>\n\n\n\n<p>17 de septiembre \u2013 Canc\u00fan \u2013 Plaza de Toros<\/p>\n\n\n\n<p>18 de septiembre \u2013 M\u00e9rida \u2013 Foro GNP<\/p>\n\n\n\n<p>19 de septiembre \u2013 Villahermosa \u2013 Teatro al Aire Libre<\/p>\n\n\n\n<p>20 de septiembre \u2013 Acapulco \u2013 Arena GNP<\/p>\n\n\n\n<p><strong>Informaci\u00f3n General<\/strong><\/p>\n\n\n\n<p><strong>Arena CDMX:<\/strong><\/p>\n\n\n\n<p>&#8211; Venta al P\u00fablico en General: A partir del martes 31 de marzo, 10:00 hrs.<\/p>\n\n\n\n<p>&#8211; Puntos de Venta: A trav\u00e9s del sistema <strong>www.superboletos.com<\/strong>, en Taquillas de la <strong>Arena CDMX<\/strong>, Palacio de Hierro, Farmacias del Ahorro e Innovasport.<\/p>\n\n\n\n<p><strong>Arena Monterrey: &nbsp;&nbsp;&nbsp;&nbsp;&nbsp;&nbsp;&nbsp;&nbsp;&nbsp;<\/strong><\/p>\n\n\n\n<p>&#8211; Venta al P\u00fablico en General: A partir del martes 31 de marzo, 10:00 hrs.<\/p>\n\n\n\n<p>&#8211; Puntos de Venta: A trav\u00e9s del sistema <a href=\"http:\/\/www.superboletos.com\/\" target=\"_blank\" rel=\"noopener\"><strong>www.superboletos.com<\/strong><\/a>, en Taquillas de la <strong>Arena Monterrey<\/strong>, Palacio de Hierro e Innovasport.<\/p>\n\n\n\n<p><strong>Arena Guadalajara: &nbsp;&nbsp;&nbsp;&nbsp;&nbsp;&nbsp;<\/strong><\/p>\n\n\n\n<p>&#8211; Venta al P\u00fablico en General: A partir del martes 31 de marzo, 10:00 hrs.<\/p>\n\n\n\n<p>&#8211; Puntos de Venta: A trav\u00e9s del sistema <a href=\"http:\/\/www.superboletos.com\/\" target=\"_blank\" rel=\"noopener\"><strong>www.superboletos.com<\/strong><\/a>, taquillas de la <strong>Arena Guadalajara<\/strong>, Palacio de Hierro, Innovasport y Mr. CD.<\/p>\n\n\n\n<p>Para mayor informaci\u00f3n ingresa a www.zignialive.com<\/p>\n<div class=\"fb-background-color\">\n\t\t\t  <div \n\t\t\t  \tclass = \"fb-comments\" \n\t\t\t  \tdata-href = \"https:\/\/www.solograndes.com\/portal\/2026\/03\/25\/camilo-worlwide-tour-2026\/\"\n\t\t\t  \tdata-numposts = \"10\"\n\t\t\t  \tdata-lazy = \"true\"\n\t\t\t\tdata-colorscheme = \"light\"\n\t\t\t\tdata-order-by = \"reverse_time\"\n\t\t\t\tdata-mobile=true>\n\t\t\t  <\/div><\/div>\n\t\t  <style>\n\t\t    .fb-background-color {\n\t\t\t\tbackground:  !important;\n\t\t\t}\n\t\t\t.fb_iframe_widget_fluid_desktop iframe {\n\t\t\t    width: 100% !important;\n\t\t\t}\n\t\t  <\/style>\n\t\t  ","protected":false},"excerpt":{"rendered":"<p>Arena CDMX 28 de AGOSTO, 21:00 horas Arena MONTERREY 04 DE SEPTIEMBRE, 21:00 horas Arena GUADALAJARA 05 de SEPTIEMBRE, 21:00 horas La superestrella colombiana Camilo anuncia hoy su gira mundial m\u00e1s ambiciosa hasta la fecha: el Camilo Worldwide Tour 2026, con el que recorrer\u00e1 m\u00e1s de 15 pa\u00edses de Europa y de todo el continente [&hellip;]<\/p>\n","protected":false},"author":1,"featured_media":7270,"comment_status":"open","ping_status":"open","sticky":false,"template":"","format":"standard","meta":{"_jetpack_memberships_contains_paid_content":false,"footnotes":""},"categories":[1],"tags":[],"class_list":["post-7281","post","type-post","status-publish","format-standard","has-post-thumbnail","hentry","category-uncategorized"],"jetpack_featured_media_url":"https:\/\/www.solograndes.com\/portal\/wp-content\/uploads\/2026\/03\/WhatsApp-Image-2026-03-24-at-3.03.15-PM.jpeg","jetpack_sharing_enabled":true,"_links":{"self":[{"href":"https:\/\/www.solograndes.com\/portal\/wp-json\/wp\/v2\/posts\/7281","targetHints":{"allow":["GET"]}}],"collection":[{"href":"https:\/\/www.solograndes.com\/portal\/wp-json\/wp\/v2\/posts"}],"about":[{"href":"https:\/\/www.solograndes.com\/portal\/wp-json\/wp\/v2\/types\/post"}],"author":[{"embeddable":true,"href":"https:\/\/www.solograndes.com\/portal\/wp-json\/wp\/v2\/users\/1"}],"replies":[{"embeddable":true,"href":"https:\/\/www.solograndes.com\/portal\/wp-json\/wp\/v2\/comments?post=7281"}],"version-history":[{"count":1,"href":"https:\/\/www.solograndes.com\/portal\/wp-json\/wp\/v2\/posts\/7281\/revisions"}],"predecessor-version":[{"id":7282,"href":"https:\/\/www.solograndes.com\/portal\/wp-json\/wp\/v2\/posts\/7281\/revisions\/7282"}],"wp:featuredmedia":[{"embeddable":true,"href":"https:\/\/www.solograndes.com\/portal\/wp-json\/wp\/v2\/media\/7270"}],"wp:attachment":[{"href":"https:\/\/www.solograndes.com\/portal\/wp-json\/wp\/v2\/media?parent=7281"}],"wp:term":[{"taxonomy":"category","embeddable":true,"href":"https:\/\/www.solograndes.com\/portal\/wp-json\/wp\/v2\/categories?post=7281"},{"taxonomy":"post_tag","embeddable":true,"href":"https:\/\/www.solograndes.com\/portal\/wp-json\/wp\/v2\/tags?post=7281"}],"curies":[{"name":"wp","href":"https:\/\/api.w.org\/{rel}","templated":true}]}}