{"id":7277,"date":"2026-03-25T18:30:37","date_gmt":"2026-03-25T23:30:37","guid":{"rendered":"https:\/\/www.solograndes.com\/portal\/?p=7277"},"modified":"2026-03-25T18:50:27","modified_gmt":"2026-03-25T23:50:27","slug":"jorge-celedonla-historia-mia-tour","status":"publish","type":"post","link":"https:\/\/www.solograndes.com\/portal\/2026\/03\/25\/jorge-celedonla-historia-mia-tour\/","title":{"rendered":"JORGE CELED\u00d3N \u201cLA HISTORIA M\u00cdA\u201d TOUR"},"content":{"rendered":"\n<p class=\"has-text-align-center\"><strong>ARENA CDMX <\/strong>18 DE JUNIO, 21:00 HRS.<\/p>\n\n\n\n<p class=\"has-text-align-center\"><strong>Arena Monterrey <\/strong>22 DE JUNIO, 21:00 hrs.<\/p>\n\n\n\n<p class=\"has-text-align-center\"><strong>Arena guadalajara <\/strong>24 DE JUNIO, 21:00 hrs.<\/p>\n\n\n\n<p>El reconocido cantante colombiano <strong>Jorge Celed\u00f3n<\/strong> regresa a M\u00e9xico para deleitar a su p\u00fablico en las tres principales arenas del pa\u00eds con su nueva gira <strong><em>\u201cLa Historia M\u00eda\u201d<\/em><\/strong>, en la <strong>Arena CDMX el 18 de junio<\/strong>, en la <strong>Arena Monterrey el 22 de junio<\/strong> y en la <strong>Arena Guadalajara el 24 de junio<\/strong>, a las <strong>9 de la noche<\/strong>, respectivamente.<\/p>\n\n\n\n<p>Consolidado como uno de los principales exponentes del vallenato, prepara un concierto lleno de sentimiento, tradici\u00f3n y los grandes \u00e9xitos que han marcado su camino por la m\u00fasica, el tambi\u00e9n compositor y ganador del <em>Grammy Latino<\/em> en cinco ocasiones, marcar\u00e1 una nueva etapa en su trayectoria con este tour que lo llevar\u00e1 a recorrer importantes ciudades del mundo.<\/p>\n\n\n\n<p>Sumado a su m\u00fasica y sentimiento, \u2018Jorgito\u2019, traer\u00e1 una puesta en escena cercana y emotiva, que promete una noche inolvidable donde el p\u00fablico podr\u00e1 cantar a todo pulm\u00f3n historias de amor y desamor, que nadie se puede perder.<\/p>\n\n\n\n<p><strong>Informaci\u00f3n General<\/strong><\/p>\n\n\n\n<p><strong>Arena CDMX:<\/strong><\/p>\n\n\n\n<p>&#8211; Venta al P\u00fablico en General: A partir del mi\u00e9rcoles 25 de marzo, 11:00 AM.<\/p>\n\n\n\n<p>-Puntos de Venta: A trav\u00e9s del sistema www.superboletos.com, en Taquillas de la Arena CDMX, Palacio de Hierro, Farmacias del Ahorro e Innovasport.<\/p>\n\n\n\n<p><strong>Arena Monterrey:<\/strong><\/p>\n\n\n\n<p>&#8211; Venta al P\u00fablico en General: A partir del mi\u00e9rcoles 25 de marzo, 11:00 AM.<\/p>\n\n\n\n<p>&#8211; Puntos de Venta: A trav\u00e9s del sistema www.superboletos.com, en Taquillas de la Arena Monterrey, Palacio de Hierro e Innova Sport.<\/p>\n\n\n\n<p><strong>Arena Guadalajara:<\/strong><\/p>\n\n\n\n<p>&#8211; Venta al P\u00fablico en General: A partir del mi\u00e9rcoles 25 de marzo, 11:00 AM.<\/p>\n\n\n\n<p>&#8211; Puntos de Venta: A trav\u00e9s del sistema <a href=\"http:\/\/www.superboletos.com\/\" target=\"_blank\" rel=\"noopener\">www.superboletos.com<\/a>, en Taquillas de la Arena Guadalajara, Palacio de Hierro, Innovasport y Mr. CD. Para m\u00e1s informaci\u00f3n ingresa a www.zignialive.com<\/p>\n<div class=\"fb-background-color\">\n\t\t\t  <div \n\t\t\t  \tclass = \"fb-comments\" \n\t\t\t  \tdata-href = \"https:\/\/www.solograndes.com\/portal\/2026\/03\/25\/jorge-celedonla-historia-mia-tour\/\"\n\t\t\t  \tdata-numposts = \"10\"\n\t\t\t  \tdata-lazy = \"true\"\n\t\t\t\tdata-colorscheme = \"light\"\n\t\t\t\tdata-order-by = \"reverse_time\"\n\t\t\t\tdata-mobile=true>\n\t\t\t  <\/div><\/div>\n\t\t  <style>\n\t\t    .fb-background-color {\n\t\t\t\tbackground:  !important;\n\t\t\t}\n\t\t\t.fb_iframe_widget_fluid_desktop iframe {\n\t\t\t    width: 100% !important;\n\t\t\t}\n\t\t  <\/style>\n\t\t  ","protected":false},"excerpt":{"rendered":"<p>ARENA CDMX 18 DE JUNIO, 21:00 HRS. Arena Monterrey 22 DE JUNIO, 21:00 hrs. Arena guadalajara 24 DE JUNIO, 21:00 hrs. El reconocido cantante colombiano Jorge Celed\u00f3n regresa a M\u00e9xico para deleitar a su p\u00fablico en las tres principales arenas del pa\u00eds con su nueva gira \u201cLa Historia M\u00eda\u201d, en la Arena CDMX el 18 [&hellip;]<\/p>\n","protected":false},"author":1,"featured_media":7271,"comment_status":"open","ping_status":"open","sticky":false,"template":"","format":"standard","meta":{"_jetpack_memberships_contains_paid_content":false,"footnotes":""},"categories":[17,20],"tags":[],"class_list":["post-7277","post","type-post","status-publish","format-standard","has-post-thumbnail","hentry","category-eventos","category-musica"],"jetpack_featured_media_url":"https:\/\/www.solograndes.com\/portal\/wp-content\/uploads\/2026\/03\/WhatsApp-Image-2026-03-24-at-11.04.11-AM.jpeg","jetpack_sharing_enabled":true,"_links":{"self":[{"href":"https:\/\/www.solograndes.com\/portal\/wp-json\/wp\/v2\/posts\/7277","targetHints":{"allow":["GET"]}}],"collection":[{"href":"https:\/\/www.solograndes.com\/portal\/wp-json\/wp\/v2\/posts"}],"about":[{"href":"https:\/\/www.solograndes.com\/portal\/wp-json\/wp\/v2\/types\/post"}],"author":[{"embeddable":true,"href":"https:\/\/www.solograndes.com\/portal\/wp-json\/wp\/v2\/users\/1"}],"replies":[{"embeddable":true,"href":"https:\/\/www.solograndes.com\/portal\/wp-json\/wp\/v2\/comments?post=7277"}],"version-history":[{"count":2,"href":"https:\/\/www.solograndes.com\/portal\/wp-json\/wp\/v2\/posts\/7277\/revisions"}],"predecessor-version":[{"id":7280,"href":"https:\/\/www.solograndes.com\/portal\/wp-json\/wp\/v2\/posts\/7277\/revisions\/7280"}],"wp:featuredmedia":[{"embeddable":true,"href":"https:\/\/www.solograndes.com\/portal\/wp-json\/wp\/v2\/media\/7271"}],"wp:attachment":[{"href":"https:\/\/www.solograndes.com\/portal\/wp-json\/wp\/v2\/media?parent=7277"}],"wp:term":[{"taxonomy":"category","embeddable":true,"href":"https:\/\/www.solograndes.com\/portal\/wp-json\/wp\/v2\/categories?post=7277"},{"taxonomy":"post_tag","embeddable":true,"href":"https:\/\/www.solograndes.com\/portal\/wp-json\/wp\/v2\/tags?post=7277"}],"curies":[{"name":"wp","href":"https:\/\/api.w.org\/{rel}","templated":true}]}}