{"id":7254,"date":"2026-03-12T12:36:00","date_gmt":"2026-03-12T17:36:00","guid":{"rendered":"https:\/\/www.solograndes.com\/portal\/?p=7254"},"modified":"2026-03-12T12:36:01","modified_gmt":"2026-03-12T17:36:01","slug":"sin-bandera-escenas-tour","status":"publish","type":"post","link":"https:\/\/www.solograndes.com\/portal\/2026\/03\/12\/sin-bandera-escenas-tour\/","title":{"rendered":"SIN BANDERA \u201cESCENAS TOUR\u201d"},"content":{"rendered":"\n<p class=\"has-text-align-center\"><strong>Arena Monterrey 10 de diciembre <em>\u00a1NUEVA FECHA!<\/em> 21:00 hrs.<\/strong><\/p>\n\n\n\n<p>Gracias al cari\u00f1o del p\u00fablico y su <em>\u2018Sold Out\u2019<\/em>, <strong>Sin Bandera<\/strong> regresa a la <strong>Arena Monterrey<\/strong>, este pr\u00f3ximo <strong>10 de diciembre<\/strong> a las <strong>9:00 de la noche<\/strong>, para seguir celebrando 25 a\u00f1os de m\u00fasica con nuevo \u00e1lbum y gira <strong><em>\u201cEscenas Tour\u201d<\/em><\/strong>.<\/p>\n\n\n\n<p>El d\u00fao m\u00e1s ic\u00f3nico de la balada pop en espa\u00f1ol, <strong>Sin Bandera<\/strong>, integrado por <strong>Leonel Garc\u00eda y Noel Schajris<\/strong>, estrenar\u00e1 nueva m\u00fasica que marcar\u00e1 el inicio de una etapa inolvidable en su carrera.<\/p>\n\n\n\n<p>Con 25 a\u00f1os de trayectoria, millones de discos vendidos, giras que han recorrido el mundo y canciones que se han convertido en himnos generacionales, Sin Bandera anuncia su esperado regreso a los escenarios con el <strong><em>\u201cEscenas Tour\u201d<\/em><\/strong>, una gira que promete ser un viaje emotivo y lleno de nostalgia, pero tambi\u00e9n de frescura con los temas in\u00e9ditos de su pr\u00f3ximo \u00e1lbum de estudio.<\/p>\n\n\n\n<p>El s\u00e9ptimo disco de estudio de la agrupaci\u00f3n se encuentra en su fase final de producci\u00f3n y ser\u00e1 lanzado a lo largo del 2026, teniendo como primer adelanto un sencillo programado para finales de este a\u00f1o.<\/p>\n\n\n\n<p>Esta canci\u00f3n reafirmar\u00e1 la esencia rom\u00e1ntica y profunda que caracteriza al d\u00fao, con letras y melod\u00edas capaces de tocar el coraz\u00f3n de sus seguidores.<\/p>\n\n\n<div class=\"wp-block-image\">\n<figure class=\"aligncenter size-full\"><img loading=\"lazy\" decoding=\"async\" width=\"545\" height=\"409\" src=\"https:\/\/www.solograndes.com\/portal\/wp-content\/uploads\/2026\/03\/image.png\" alt=\"\" class=\"wp-image-7255\" srcset=\"https:\/\/www.solograndes.com\/portal\/wp-content\/uploads\/2026\/03\/image.png 545w, https:\/\/www.solograndes.com\/portal\/wp-content\/uploads\/2026\/03\/image-300x225.png 300w, https:\/\/www.solograndes.com\/portal\/wp-content\/uploads\/2026\/03\/image-80x60.png 80w, https:\/\/www.solograndes.com\/portal\/wp-content\/uploads\/2026\/03\/image-100x75.png 100w, https:\/\/www.solograndes.com\/portal\/wp-content\/uploads\/2026\/03\/image-180x135.png 180w, https:\/\/www.solograndes.com\/portal\/wp-content\/uploads\/2026\/03\/image-238x178.png 238w\" sizes=\"auto, (max-width: 545px) 100vw, 545px\" \/><\/figure>\n<\/div>\n\n\n<p class=\"has-text-align-center\">\u201cEstos 25 a\u00f1os han sido un viaje lleno de canciones, historias y momentos irrepetibles. Queremos agradecer a nuestro p\u00fablico por acompa\u00f1arnos siempre, y este nuevo \u00e1lbum es nuestra forma de devolverles todo ese amor\u201d, \u201c\u00e9sta gira es especial porque este disco es muy especial, marca el comienzo de una nueva era en nuestro grupo\u201d, expresaron Leonel y Noel.<\/p>\n\n\n\n<p><strong>El <em>Escenas Tour<\/em><\/strong> recorrer\u00e1 los grandes \u00e9xitos que han acompa\u00f1ado la vida de millones de personas \u2014<em>\u201cEntra en mi vida\u201d, \u201cKil\u00f3metros\u201d, \u201cQue lloro\u201d, \u201cMientes tan bien\u201d, \u201cSirena\u201d, \u201cSuelta mi mano\u201d, \u201cEn \u00e9sta no\u201d<\/em>\u2014 adem\u00e1s de presentar sus nuevas composiciones que, como siempre, llevar\u00e1n el sello inconfundible de sus voces y su complicidad musical.<\/p>\n\n\n\n<p><strong>Informaci\u00f3n General<\/strong><\/p>\n\n\n\n<p><strong>Arena Monterrey:<\/strong><\/p>\n\n\n\n<p>&#8211; Preventa exclusiva con Tarjetas de Cr\u00e9dito Banco Azteca: Del 11 al 13 de marzo de 2026.<\/p>\n\n\n\n<p>&#8211; Venta al P\u00fablico en General: A partir del s\u00e1bado 14 de marzo, 10:00 AM.<\/p>\n\n\n\n<p>&#8211; Puntos de Venta: A trav\u00e9s del sistema www.superboletos.com, Palacio de Hierro, en Taquillas de la Arena Monterrey e Innova Sport.<\/p>\n\n\n\n<p>Para m\u00e1s informaci\u00f3n ingresa a www.zignialive.com<\/p>\n<div class=\"fb-background-color\">\n\t\t\t  <div \n\t\t\t  \tclass = \"fb-comments\" \n\t\t\t  \tdata-href = \"https:\/\/www.solograndes.com\/portal\/2026\/03\/12\/sin-bandera-escenas-tour\/\"\n\t\t\t  \tdata-numposts = \"10\"\n\t\t\t  \tdata-lazy = \"true\"\n\t\t\t\tdata-colorscheme = \"light\"\n\t\t\t\tdata-order-by = \"reverse_time\"\n\t\t\t\tdata-mobile=true>\n\t\t\t  <\/div><\/div>\n\t\t  <style>\n\t\t    .fb-background-color {\n\t\t\t\tbackground:  !important;\n\t\t\t}\n\t\t\t.fb_iframe_widget_fluid_desktop iframe {\n\t\t\t    width: 100% !important;\n\t\t\t}\n\t\t  <\/style>\n\t\t  ","protected":false},"excerpt":{"rendered":"<p>Arena Monterrey 10 de diciembre \u00a1NUEVA FECHA! 21:00 hrs. Gracias al cari\u00f1o del p\u00fablico y su \u2018Sold Out\u2019, Sin Bandera regresa a la Arena Monterrey, este pr\u00f3ximo 10 de diciembre a las 9:00 de la noche, para seguir celebrando 25 a\u00f1os de m\u00fasica con nuevo \u00e1lbum y gira \u201cEscenas Tour\u201d. El d\u00fao m\u00e1s ic\u00f3nico de [&hellip;]<\/p>\n","protected":false},"author":1,"featured_media":7256,"comment_status":"open","ping_status":"open","sticky":false,"template":"","format":"standard","meta":{"_jetpack_memberships_contains_paid_content":false,"footnotes":""},"categories":[20,17],"tags":[],"class_list":["post-7254","post","type-post","status-publish","format-standard","has-post-thumbnail","hentry","category-musica","category-eventos"],"jetpack_featured_media_url":"https:\/\/www.solograndes.com\/portal\/wp-content\/uploads\/2026\/03\/sinbandera.jpeg","jetpack_sharing_enabled":true,"_links":{"self":[{"href":"https:\/\/www.solograndes.com\/portal\/wp-json\/wp\/v2\/posts\/7254","targetHints":{"allow":["GET"]}}],"collection":[{"href":"https:\/\/www.solograndes.com\/portal\/wp-json\/wp\/v2\/posts"}],"about":[{"href":"https:\/\/www.solograndes.com\/portal\/wp-json\/wp\/v2\/types\/post"}],"author":[{"embeddable":true,"href":"https:\/\/www.solograndes.com\/portal\/wp-json\/wp\/v2\/users\/1"}],"replies":[{"embeddable":true,"href":"https:\/\/www.solograndes.com\/portal\/wp-json\/wp\/v2\/comments?post=7254"}],"version-history":[{"count":1,"href":"https:\/\/www.solograndes.com\/portal\/wp-json\/wp\/v2\/posts\/7254\/revisions"}],"predecessor-version":[{"id":7257,"href":"https:\/\/www.solograndes.com\/portal\/wp-json\/wp\/v2\/posts\/7254\/revisions\/7257"}],"wp:featuredmedia":[{"embeddable":true,"href":"https:\/\/www.solograndes.com\/portal\/wp-json\/wp\/v2\/media\/7256"}],"wp:attachment":[{"href":"https:\/\/www.solograndes.com\/portal\/wp-json\/wp\/v2\/media?parent=7254"}],"wp:term":[{"taxonomy":"category","embeddable":true,"href":"https:\/\/www.solograndes.com\/portal\/wp-json\/wp\/v2\/categories?post=7254"},{"taxonomy":"post_tag","embeddable":true,"href":"https:\/\/www.solograndes.com\/portal\/wp-json\/wp\/v2\/tags?post=7254"}],"curies":[{"name":"wp","href":"https:\/\/api.w.org\/{rel}","templated":true}]}}