{"id":6983,"date":"2025-08-30T12:02:48","date_gmt":"2025-08-30T17:02:48","guid":{"rendered":"https:\/\/www.solograndes.com\/portal\/?p=6983"},"modified":"2025-08-30T12:03:49","modified_gmt":"2025-08-30T17:03:49","slug":"tito-double-p-recorrera-mexico-con-su-ay-mama-tour","status":"publish","type":"post","link":"https:\/\/www.solograndes.com\/portal\/2025\/08\/30\/tito-double-p-recorrera-mexico-con-su-ay-mama-tour\/","title":{"rendered":"TITO DOUBLE P Recorrer\u00e1 M\u00e9xico con su &#8216;AY \u00a0MAM\u00c1 Tour&#8217;"},"content":{"rendered":"\n<p><strong>\u00a0<\/strong><\/p>\n\n\n\n<p>\u00a1AY MAM\u00c1! Se viene una noche llena de corridos tumbados con Tito Double P sobre el escenario. El cantante que ha conquistado el panorama del g\u00e9nero gracias a su talento y entrega, anuncia parte de su &#8216;AY MAM\u00c1 Tour&#8217;. \u00a1Y M\u00e9xico es parte de la jugada!<\/p>\n\n\n\n<div class=\"wp-block-group is-vertical is-layout-flex wp-container-core-group-is-layout-8cf370e7 wp-block-group-is-layout-flex\">\n<p>2 de octubre &#8211; Saltillo &#8211; Auditorio Parque Las Maravillas<\/p>\n\n\n\n<p>9 de octubre &#8211; Torre\u00f3n &#8211; Coliseo Centenario<\/p>\n\n\n\n<p>10 de octubre &#8211; Le\u00f3n &#8211; Le Velaria de la Feria<\/p>\n\n\n\n<p>12 de octubre &#8211; San Luis Potos\u00ed &#8211; Teatro del Parque Tangamanga II<\/p>\n\n\n\n<p>16 de octubre &#8211; Aguascalientes &#8211; Plaza de Toros<\/p>\n\n\n\n<p>21 de octubre &#8211; Monterrey &#8211; Arena Monterrey<\/p>\n\n\n\n<p>25 de octubre &#8211; Hermosillo &#8211; Auditorio CUM<\/p>\n<\/div>\n\n\n\n<p>Este tour presentar\u00e1 lo mejor de Tito Double P y su evoluci\u00f3n como artista a trav\u00e9s de una experiencia musical inmersiva de primer nivel, con una producci\u00f3n de alta gama y, sobre todo, con una actitud con la que solo \u00e9l sabe cautivar.<\/p>\n\n\n\n<p>Jes\u00fas Roberto Laija Garc\u00eda, mejor conocido como Tito Double P, se ha convertido en todo un referente del regional mexicano gracias a su talento nato en la composici\u00f3n e interpretaci\u00f3n. A lo largo de su trayectoria, ha recibido cr\u00edticas positivas por su manera de fusionar el g\u00e9nero tradicional con sonidos modernos del g\u00e9nero urbano, creando as\u00ed una amalgama musical \u00fanica de la que ha hecho su sello personal.<\/p>\n\n\n\n<p>Gracias a canciones como \u00abLa People\u00bb, \u00abPor sus Besos\u00bb, entre otras, Tito se ha colocado dentro y en la cima de diversas listas de popularidad, y no solo eso, sino tambi\u00e9n ha acumulado millones de reproducciones en plataformas digitales. Todo esto ha llevado al cantante a ser una de las figuras m\u00e1s influyentes de la nueva ola del regional mexicano.<\/p>\n\n\n\n<p>Con su \u00abAY MAM\u00c1 Tour\u00bb no solo se celebra su \u00e9xito, sino tambi\u00e9n se cocina una nueva era en su trayectoria consolid\u00e1ndolo a\u00fan m\u00e1s arriba en el g\u00e9nero.<\/p>\n\n\n\n<p>Un espect\u00e1culo de gran calidad nos espera con esta serie de shows en donde los asistentes podr\u00e1n vivir un recorrido por sus \u00e9xitos m\u00e1s grandes, una noche \u00fanica con producci\u00f3n majestuosa, y una conexi\u00f3n especial con el artista.<\/p>\n\n\n\n<p>La venta de boletos estar\u00e1 disponible a trav\u00e9s de los canales habituales de cada recinto.<\/p>\n\n\n\n<p>\u00a1Nos vemos con Tito Double P!<\/p>\n<div class=\"fb-background-color\">\n\t\t\t  <div \n\t\t\t  \tclass = \"fb-comments\" \n\t\t\t  \tdata-href = \"https:\/\/www.solograndes.com\/portal\/2025\/08\/30\/tito-double-p-recorrera-mexico-con-su-ay-mama-tour\/\"\n\t\t\t  \tdata-numposts = \"10\"\n\t\t\t  \tdata-lazy = \"true\"\n\t\t\t\tdata-colorscheme = \"light\"\n\t\t\t\tdata-order-by = \"reverse_time\"\n\t\t\t\tdata-mobile=true>\n\t\t\t  <\/div><\/div>\n\t\t  <style>\n\t\t    .fb-background-color {\n\t\t\t\tbackground:  !important;\n\t\t\t}\n\t\t\t.fb_iframe_widget_fluid_desktop iframe {\n\t\t\t    width: 100% !important;\n\t\t\t}\n\t\t  <\/style>\n\t\t  ","protected":false},"excerpt":{"rendered":"<p>\u00a0 \u00a1AY MAM\u00c1! Se viene una noche llena de corridos tumbados con Tito Double P sobre el escenario. El cantante que ha conquistado el panorama del g\u00e9nero gracias a su talento y entrega, anuncia parte de su &#8216;AY MAM\u00c1 Tour&#8217;. \u00a1Y M\u00e9xico es parte de la jugada! 2 de octubre &#8211; Saltillo &#8211; Auditorio Parque [&hellip;]<\/p>\n","protected":false},"author":1,"featured_media":6984,"comment_status":"open","ping_status":"open","sticky":false,"template":"","format":"standard","meta":{"_jetpack_memberships_contains_paid_content":false,"footnotes":""},"categories":[17],"tags":[24,822,214,821],"class_list":["post-6983","post","type-post","status-publish","format-standard","has-post-thumbnail","hentry","category-eventos","tag-arena-monterrey","tag-ay-mama-tour","tag-super-boletos","tag-tito-double-p"],"jetpack_featured_media_url":"https:\/\/www.solograndes.com\/portal\/wp-content\/uploads\/2025\/08\/Tito-Double-P-Oct2025.jpg","jetpack_sharing_enabled":true,"_links":{"self":[{"href":"https:\/\/www.solograndes.com\/portal\/wp-json\/wp\/v2\/posts\/6983","targetHints":{"allow":["GET"]}}],"collection":[{"href":"https:\/\/www.solograndes.com\/portal\/wp-json\/wp\/v2\/posts"}],"about":[{"href":"https:\/\/www.solograndes.com\/portal\/wp-json\/wp\/v2\/types\/post"}],"author":[{"embeddable":true,"href":"https:\/\/www.solograndes.com\/portal\/wp-json\/wp\/v2\/users\/1"}],"replies":[{"embeddable":true,"href":"https:\/\/www.solograndes.com\/portal\/wp-json\/wp\/v2\/comments?post=6983"}],"version-history":[{"count":1,"href":"https:\/\/www.solograndes.com\/portal\/wp-json\/wp\/v2\/posts\/6983\/revisions"}],"predecessor-version":[{"id":6985,"href":"https:\/\/www.solograndes.com\/portal\/wp-json\/wp\/v2\/posts\/6983\/revisions\/6985"}],"wp:featuredmedia":[{"embeddable":true,"href":"https:\/\/www.solograndes.com\/portal\/wp-json\/wp\/v2\/media\/6984"}],"wp:attachment":[{"href":"https:\/\/www.solograndes.com\/portal\/wp-json\/wp\/v2\/media?parent=6983"}],"wp:term":[{"taxonomy":"category","embeddable":true,"href":"https:\/\/www.solograndes.com\/portal\/wp-json\/wp\/v2\/categories?post=6983"},{"taxonomy":"post_tag","embeddable":true,"href":"https:\/\/www.solograndes.com\/portal\/wp-json\/wp\/v2\/tags?post=6983"}],"curies":[{"name":"wp","href":"https:\/\/api.w.org\/{rel}","templated":true}]}}