{"id":6965,"date":"2025-08-14T16:27:00","date_gmt":"2025-08-14T21:27:00","guid":{"rendered":"https:\/\/www.solograndes.com\/portal\/?p=6965"},"modified":"2025-08-14T16:27:02","modified_gmt":"2025-08-14T21:27:02","slug":"rueda-de-prensa-los-alamenos-de-la-sierra","status":"publish","type":"post","link":"https:\/\/www.solograndes.com\/portal\/2025\/08\/14\/rueda-de-prensa-los-alamenos-de-la-sierra\/","title":{"rendered":"Rueda de prensa: Los Alame\u00f1os de la Sierra\u00a0"},"content":{"rendered":"\n<p>El d\u00eda de ayer, mi\u00e9rcoles 13 de agosto de 2025, se llev\u00f3 a cabo la rueda de prensa de la agrupaci\u00f3n sinaloense \u00abLos Alame\u00f1os de la Sierra\u00bb, en las oficinas de Apocada Group ubicada en el centro de Monterrey.<\/p>\n\n\n\n<p>El vocalista de la agrupaci\u00f3n, Fernando Bejarano, fue el encargado de responder a todas las preguntas en esta rueda de prensa.<\/p>\n\n\n\n<p>Una de las primeras preguntas fue si habr\u00e1 sorpresas para esta presentaci\u00f3n, el cual respondi\u00f3 que si y que el d\u00eda de hoy se estar\u00e1 grabando un video musical en la ciudad de Monterrey, el\u00a0tema ser\u00e1 \u201cla llamada\u201d del autor Luis Padilla, vocalista de la agrupaci\u00f3n La Firma, dicho video saldr\u00e1 aproximadamente en un mes.<\/p>\n\n\n\n<p>Otra pregunta fue \u00bfc\u00f3mo se han sentido con el p\u00fablico?, mencion\u00f3 que se han sentido muy aceptados tanto en el norte del pa\u00eds, as\u00ed como algunas ciudades de la uni\u00f3n americana y por supuesto su ciudad de origen, adem\u00e1s agreg\u00f3 que la vida musical requiere mucha disciplina y que se sienten muy enfocados en la m\u00fasica, record\u00f3 que en sus inicio quer\u00eda formar un grupo de rock, pero sinti\u00f3 que su destino estaba ya escrito para la m\u00fasica sirre\u00f1a.<\/p>\n\n\n\n<p>Tambi\u00e9n se les pregunt\u00f3: \u00bfVisitar Estados Unidos est\u00e1 dentro de sus planes musicales?, \u00aben cuanto a trabajar en ciudades extranjeras por el momento los dem\u00e1s integrantes se encuentran en un proceso de tr\u00e1mite de papeler\u00eda, y solo esperan terminar ese proceso para viajar al vecino pa\u00eds\u00bb, mencion\u00f3.\u00a0<\/p>\n\n\n\n<p>En cuanto a la canci\u00f3n que representa parte de su esencia, el vocalista coment\u00f3 que ser\u00eda el tema de \u00abperfecta\u00bb, un cover de la agrupaci\u00f3n Miranda, ya que en redes sociales como YouTube ha sido muy aceptada, adem\u00e1s de los huapangos muy a su estilo sirre\u00f1o y que la gente los ha aceptado muy bien.<\/p>\n\n\n\n<p>Por otro lado, coment\u00f3 que tienen presente sacar temas muy propios y no encasillarse dentro de los cover aunque por el momento el estilo musical sirre\u00f1o en cover\u00a0es lo que los ah dado a conocer un poco m\u00e1s.<\/p>\n\n\n\n<p>Por \u00faltimo, realiz\u00f3 la invitaci\u00f3n al p\u00fablico para asistir este pr\u00f3ximo 16 agosto a su presentaci\u00f3n en la Explanada del Walmart Park. <\/p>\n\n\n\n<p><em>Informaci\u00f3n e im\u00e1genes por<\/em>:\u00a0<em>Antonio Arroyo. <\/em><\/p>\n<div class=\"fb-background-color\">\n\t\t\t  <div \n\t\t\t  \tclass = \"fb-comments\" \n\t\t\t  \tdata-href = \"https:\/\/www.solograndes.com\/portal\/2025\/08\/14\/rueda-de-prensa-los-alamenos-de-la-sierra\/\"\n\t\t\t  \tdata-numposts = \"10\"\n\t\t\t  \tdata-lazy = \"true\"\n\t\t\t\tdata-colorscheme = \"light\"\n\t\t\t\tdata-order-by = \"reverse_time\"\n\t\t\t\tdata-mobile=true>\n\t\t\t  <\/div><\/div>\n\t\t  <style>\n\t\t    .fb-background-color {\n\t\t\t\tbackground:  !important;\n\t\t\t}\n\t\t\t.fb_iframe_widget_fluid_desktop iframe {\n\t\t\t    width: 100% !important;\n\t\t\t}\n\t\t  <\/style>\n\t\t  ","protected":false},"excerpt":{"rendered":"<p>El d\u00eda de ayer, mi\u00e9rcoles 13 de agosto de 2025, se llev\u00f3 a cabo la rueda de prensa de la agrupaci\u00f3n sinaloense \u00abLos Alame\u00f1os de la Sierra\u00bb, en las oficinas de Apocada Group ubicada en el centro de Monterrey. El vocalista de la agrupaci\u00f3n, Fernando Bejarano, fue el encargado de responder a todas las preguntas [&hellip;]<\/p>\n","protected":false},"author":4,"featured_media":6966,"comment_status":"open","ping_status":"open","sticky":false,"template":"","format":"standard","meta":{"_jetpack_memberships_contains_paid_content":false,"footnotes":""},"categories":[58,19,18],"tags":[479,814,737,815],"class_list":["post-6965","post","type-post","status-publish","format-standard","has-post-thumbnail","hentry","category-noticias","category-entrevistas","category-resenas","tag-apodaca-group","tag-los-alamenos-de-la-sierra","tag-monterrey","tag-walmart-park"],"jetpack_featured_media_url":"https:\/\/www.solograndes.com\/portal\/wp-content\/uploads\/2025\/08\/533287114_18291459220266119_1520754772588344193_n.jpg","jetpack_sharing_enabled":true,"_links":{"self":[{"href":"https:\/\/www.solograndes.com\/portal\/wp-json\/wp\/v2\/posts\/6965","targetHints":{"allow":["GET"]}}],"collection":[{"href":"https:\/\/www.solograndes.com\/portal\/wp-json\/wp\/v2\/posts"}],"about":[{"href":"https:\/\/www.solograndes.com\/portal\/wp-json\/wp\/v2\/types\/post"}],"author":[{"embeddable":true,"href":"https:\/\/www.solograndes.com\/portal\/wp-json\/wp\/v2\/users\/4"}],"replies":[{"embeddable":true,"href":"https:\/\/www.solograndes.com\/portal\/wp-json\/wp\/v2\/comments?post=6965"}],"version-history":[{"count":1,"href":"https:\/\/www.solograndes.com\/portal\/wp-json\/wp\/v2\/posts\/6965\/revisions"}],"predecessor-version":[{"id":6967,"href":"https:\/\/www.solograndes.com\/portal\/wp-json\/wp\/v2\/posts\/6965\/revisions\/6967"}],"wp:featuredmedia":[{"embeddable":true,"href":"https:\/\/www.solograndes.com\/portal\/wp-json\/wp\/v2\/media\/6966"}],"wp:attachment":[{"href":"https:\/\/www.solograndes.com\/portal\/wp-json\/wp\/v2\/media?parent=6965"}],"wp:term":[{"taxonomy":"category","embeddable":true,"href":"https:\/\/www.solograndes.com\/portal\/wp-json\/wp\/v2\/categories?post=6965"},{"taxonomy":"post_tag","embeddable":true,"href":"https:\/\/www.solograndes.com\/portal\/wp-json\/wp\/v2\/tags?post=6965"}],"curies":[{"name":"wp","href":"https:\/\/api.w.org\/{rel}","templated":true}]}}