{"id":6621,"date":"2025-04-08T19:39:31","date_gmt":"2025-04-09T00:39:31","guid":{"rendered":"https:\/\/www.solograndes.com\/portal\/?p=6621"},"modified":"2025-04-08T19:39:35","modified_gmt":"2025-04-09T00:39:35","slug":"ana-barbara-fey-y-marta-sanchez-dancing-queens-en-concierto","status":"publish","type":"post","link":"https:\/\/www.solograndes.com\/portal\/2025\/04\/08\/ana-barbara-fey-y-marta-sanchez-dancing-queens-en-concierto\/","title":{"rendered":"ANA B\u00c1RBARA, FEY y MARTA S\u00c1NCHEZ \u201cDANCING QUEENS\u201d EN CONCIERTO"},"content":{"rendered":"\n<p class=\"has-text-align-center\"><strong>ARENA MONTERREY 21 DE JUNIO, 21:00 HORAS<\/strong><\/p>\n\n\n\n<p>Las \u201cDANCING QUEENS\u201d, FEY, ANA BARBARA y MARTA S\u00c1NCHEZ, ahora en la ARENA MONTERREY, para festejar con un espect\u00e1culo \u00fanico el mes m\u00e1s divertido del a\u00f1o, este pr\u00f3ximo 21 de junio, a las 9 de la noche, para juntas interpretar sus m\u00e1s grandes \u00e9xitos en un recorrido especial con sus diferentes y \u00fanicos estilos, en una noche donde el p\u00fablico no parar\u00e1 de bailar.<\/p>\n\n\n\n<p>Cada una presentando sus canciones m\u00e1s representativas, a lo largo del gran espect\u00e1culo, para en algunos momentos sorpresivos disfrutar de la presencia de las tres en el escenario con colaboraciones, duetos, tr\u00edos e invitados sorpresa.<\/p>\n\n\n\n<p>Fey este a\u00f1o est\u00e1 celebrando 30 a\u00f1os de trayectoria, con grandes \u00e9xitos en el g\u00e9nero del \u2018electropop\u2019, como \u201cAz\u00facar amargo\u201d, \u201cMedia naranja\u201d, \u201cMe enamoro de ti\u201d, \u201cD\u00edselo con flores\u201d y muchas m\u00e1s, es considerada como una de las exponentes m\u00e1s importantes del pop en espa\u00f1ol.<\/p>\n\n\n\n<p>Ana B\u00e1rbara tambi\u00e9n est\u00e1 de fiesta celebrando 30 a\u00f1os de trayectoria. Cantante, compositora, actriz y productora mexicana, se ha mantenido en el gusto del p\u00fablico que la ha posicionado como una de las grandes. Con temas como \u201cLa trampa\u201d, el suceso de redes \u201cBandido\u201d y \u201cLo busque\u201d, es sin duda \u2018La Reina de la M\u00fasica Grupera\u2019.<\/p>\n\n\n\n<p>Martha S\u00e1nchez no se queda atr\u00e1s, siendo una estrella internacional con m\u00e1s de 40 a\u00f1os de trayectoria. Cantante y compositora, en 1985 entra a formar parte del grupo \u201cOl\u00e9 Ol\u00e9\u201d, logrando gran \u00e9xito dentro y fuera de Espa\u00f1a. Marta hizo su debut como solista en 1993 que hasta la fecha sigue posicion\u00e1ndose como una de las figuras m\u00e1s representativas en la industria musical.<\/p>\n\n\n\n<p>Este explosivo tr\u00edo te har\u00e1 gozar de una noche \u00fanica que no olvidar\u00e1s. Ven y recuerda los \u00e9xitos que marcaron a muchas generaciones en voz de est\u00e1s tres reinas.<\/p>\n\n\n\n<p><strong>Informaci\u00f3n General<\/strong><\/p>\n\n\n\n<p><strong>Arena Monterrey<\/strong>: \t<\/p>\n\n\n\n<p>&#8211; Venta al P\u00fablico en General: A partir del martes 08 de abril, a las 10:00 horas.<\/p>\n\n\n\n<p>&#8211; Puntos de Venta: A trav\u00e9s del sistema www.superboletos.com, en Taquillas de la Arena Monterrey, Palacio de Hierro e Innova Sport. <\/p>\n\n\n\n<p>Para mayor informaci\u00f3n ingresa a www.zignialive.com<\/p>\n\n\n\n<p><\/p>\n<div class=\"fb-background-color\">\n\t\t\t  <div \n\t\t\t  \tclass = \"fb-comments\" \n\t\t\t  \tdata-href = \"https:\/\/www.solograndes.com\/portal\/2025\/04\/08\/ana-barbara-fey-y-marta-sanchez-dancing-queens-en-concierto\/\"\n\t\t\t  \tdata-numposts = \"10\"\n\t\t\t  \tdata-lazy = \"true\"\n\t\t\t\tdata-colorscheme = \"light\"\n\t\t\t\tdata-order-by = \"reverse_time\"\n\t\t\t\tdata-mobile=true>\n\t\t\t  <\/div><\/div>\n\t\t  <style>\n\t\t    .fb-background-color {\n\t\t\t\tbackground:  !important;\n\t\t\t}\n\t\t\t.fb_iframe_widget_fluid_desktop iframe {\n\t\t\t    width: 100% !important;\n\t\t\t}\n\t\t  <\/style>\n\t\t  ","protected":false},"excerpt":{"rendered":"<p>ARENA MONTERREY 21 DE JUNIO, 21:00 HORAS Las \u201cDANCING QUEENS\u201d, FEY, ANA BARBARA y MARTA S\u00c1NCHEZ, ahora en la ARENA MONTERREY, para festejar con un espect\u00e1culo \u00fanico el mes m\u00e1s divertido del a\u00f1o, este pr\u00f3ximo 21 de junio, a las 9 de la noche, para juntas interpretar sus m\u00e1s grandes \u00e9xitos en un recorrido especial [&hellip;]<\/p>\n","protected":false},"author":1,"featured_media":6622,"comment_status":"open","ping_status":"open","sticky":false,"template":"","format":"standard","meta":{"_jetpack_memberships_contains_paid_content":false,"footnotes":""},"categories":[1],"tags":[],"class_list":["post-6621","post","type-post","status-publish","format-standard","has-post-thumbnail","hentry","category-uncategorized"],"jetpack_featured_media_url":"https:\/\/www.solograndes.com\/portal\/wp-content\/uploads\/2025\/04\/IMG-20250408-WA0018.jpg","jetpack_sharing_enabled":true,"_links":{"self":[{"href":"https:\/\/www.solograndes.com\/portal\/wp-json\/wp\/v2\/posts\/6621","targetHints":{"allow":["GET"]}}],"collection":[{"href":"https:\/\/www.solograndes.com\/portal\/wp-json\/wp\/v2\/posts"}],"about":[{"href":"https:\/\/www.solograndes.com\/portal\/wp-json\/wp\/v2\/types\/post"}],"author":[{"embeddable":true,"href":"https:\/\/www.solograndes.com\/portal\/wp-json\/wp\/v2\/users\/1"}],"replies":[{"embeddable":true,"href":"https:\/\/www.solograndes.com\/portal\/wp-json\/wp\/v2\/comments?post=6621"}],"version-history":[{"count":1,"href":"https:\/\/www.solograndes.com\/portal\/wp-json\/wp\/v2\/posts\/6621\/revisions"}],"predecessor-version":[{"id":6623,"href":"https:\/\/www.solograndes.com\/portal\/wp-json\/wp\/v2\/posts\/6621\/revisions\/6623"}],"wp:featuredmedia":[{"embeddable":true,"href":"https:\/\/www.solograndes.com\/portal\/wp-json\/wp\/v2\/media\/6622"}],"wp:attachment":[{"href":"https:\/\/www.solograndes.com\/portal\/wp-json\/wp\/v2\/media?parent=6621"}],"wp:term":[{"taxonomy":"category","embeddable":true,"href":"https:\/\/www.solograndes.com\/portal\/wp-json\/wp\/v2\/categories?post=6621"},{"taxonomy":"post_tag","embeddable":true,"href":"https:\/\/www.solograndes.com\/portal\/wp-json\/wp\/v2\/tags?post=6621"}],"curies":[{"name":"wp","href":"https:\/\/api.w.org\/{rel}","templated":true}]}}