{"id":5708,"date":"2023-07-29T14:04:22","date_gmt":"2023-07-29T19:04:22","guid":{"rendered":"https:\/\/www.solograndes.com\/portal\/?p=5708"},"modified":"2023-07-29T14:04:23","modified_gmt":"2023-07-29T19:04:23","slug":"enjambre-presenta-elemento-noches-de-salon","status":"publish","type":"post","link":"https:\/\/www.solograndes.com\/portal\/2023\/07\/29\/enjambre-presenta-elemento-noches-de-salon\/","title":{"rendered":"ENJAMBRE presenta \u201cElemento (Noches De Sal\u00f3n\u201d"},"content":{"rendered":"\n<p class=\"has-text-align-center\"><strong>Segunda entrega de\u00a0 Noches De Sal\u00f3n que incluye \u00e1lbum y gira<\/strong>.<\/p>\n\n\n\n<p class=\"has-text-align-center\"><strong>Enjambre hace sold out del Auditorio Nacional y anuncia segunda fecha&nbsp;<\/strong><\/p>\n\n\n\n<p class=\"has-text-align-center\"><strong>\u201cNoches de Sal\u00f3n\u201d es el \u00e1lbum concepto donde la banda presentar\u00e1 nuevas versiones de sus \u00e9xitos en audio y video<\/strong><\/p>\n\n\n\n<p class=\"has-text-align-center\"><strong>A partir de septiembre gira Noches De Sal\u00f3n por las principales ciudades del pa\u00eds<\/strong><\/p>\n\n\n\n<p>Enjambre presenta \u201cElemento (Noches De Sal\u00f3n)\u201d una de las 5 canciones m\u00e1s exitosas y queridas de Enjambre que ahora viene en un estilo bolero \/ salsa. Una fresca instrumentaci\u00f3n ensamblado con piano, contrabajo, bongos y la caracter\u00edstica voz de Luis Humberto Navejas que dan vida al concepto \u00e1lbum y gira Noches de Sal\u00f3n.<strong> <\/strong>Concepto con el que reinventar\u00e1n sus m\u00e1s grandes \u00e9xitos: un inolvidable concierto ac\u00fastico bajo el concepto \u00edntimo y ac\u00fastico en el que Enjambre reviste sus canciones inspirados en aquellos ritmos latinoamericanos de anta\u00f1o (como el danz\u00f3n, el bolero y el son cubano) que amenizaban los Bailes de Sal\u00f3n en los a\u00f1os 40\u2019s y 50\u2019s.<\/p>\n\n\n\n<p>La banda oriunda de Fresnillo, Zacatecas, recorrer\u00e1 a partir de septiembre las principales ciudades del pa\u00eds con la Gira Noches De Sal\u00f3n que incluye el <strong>Auditorio Nacional <\/strong>y que debido a la gran demanda de los fans ahora anuncia y sale a la venta con su segunda fecha en el emblem\u00e1tico recinto de la Ciudad de M\u00e9xico. Los boletos est\u00e1n a la venta en<strong> <\/strong><a href=\"http:\/\/www.ticketmaster.com.mx\" target=\"_blank\" rel=\"noopener\"><strong>www.ticketmaster.com.mx<\/strong><\/a>.&nbsp;<\/p>\n\n\n\n<p>Arrancaron el 2023 en febrero con una gira de 10 fechas por Estados Unidos, con entradas agotadas en Nueva York, Denver, Phoenix, Santa Ana y El Paso. En marzo regresaron exitosamente por s\u00e9ptima vez al Vive Latino 2023 como headliner en el escenario principal, entre Red Hot Chili Peppers y Paul Oakenfold. Durante abril, regresaron por segunda vez a la Feria de San Marcos en Aguascalientes, llenando el Foro de las Estrellas con un p\u00fablico que como el del Vive Latino, les coreaba todas las canciones. En abril se presentaron por primera vez en Lima, Per\u00fa, como parte del Festival React\u00edvate. Durante mayo visitaron exitosamente Metepec, Ecatepec, Orizaba, Oaxaca, llegando a Quer\u00e9taro (en el Festival City) el 27 de mayo.&nbsp;<\/p>\n\n\n\n<p><strong>Enjambre <\/strong>se ha consolidado como una de las bandas de rock m\u00e1s importantes de la escena en Latinoam\u00e9rica, acumulando miles de fieles Enjambre escuchas, que han hecho de canciones como \u201cDulce Soledad\u201d, \u201cVisita\u201d, \u201cMan\u00eda Card\u00edaca\u201d, \u201cSomos Ajenos\u201d, \u201cVida en el Espejo\u201d, \u201cS\u00e1bado Perpetuo\u201d, entre otras, himnos que han marcado a m\u00e1s de una generaci\u00f3n.&nbsp;<\/p>\n\n\n\n<p class=\"has-text-align-center\"><em>\u00a1Te esperamos!<\/em><\/p>\n\n\n\n<p class=\"has-text-align-center\">Conecta con <strong>Enjambre<\/strong>:<\/p>\n\n\n\n<p class=\"has-text-align-center\"><a href=\"https:\/\/www.facebook.com\/enjambre\" target=\"_blank\" rel=\"noopener\">FACEBOOK<\/a> |<a href=\"https:\/\/www.instagram.com\/enjambremx\/\" target=\"_blank\" rel=\"noopener\"> INSTAGRAM<\/a> |<a href=\"https:\/\/www.youtube.com\/user\/enjambretv\" target=\"_blank\" rel=\"noopener\"> YOUTUBE<\/a> |<a href=\"https:\/\/open.spotify.com\/artist\/1ZdhAl62G6ZlEKqIwUAfZR?si=ri0tEpM6RsWTlhiIMI5LBA\" target=\"_blank\" rel=\"noopener\"> SPOTIFY<\/a><\/p>\n\n\n\n<p class=\"has-text-align-center\"><a href=\"http:\/\/www.enjambremusica.com\" target=\"_blank\" rel=\"noopener\">www.enjambremusica.com<\/a>&nbsp;<\/p>\n\n\n\n<p class=\"has-text-align-center\">Conoce m\u00e1s de este y m\u00e1s conciertos en:<\/p>\n\n\n\n<p class=\"has-text-align-center\"><a href=\"http:\/\/www.ocesa.com.mx\" target=\"_blank\" rel=\"noopener\">www.ocesa.com.mx<\/a>&nbsp;<\/p>\n\n\n\n<p class=\"has-text-align-center\"><a href=\"http:\/\/www.facebook.com\/ocesamx\" target=\"_blank\" rel=\"noopener\">www.facebook.com\/ocesamx<\/a><\/p>\n\n\n\n<p class=\"has-text-align-center\"><a href=\"http:\/\/www.twitter.com\/ocesa_rock\" target=\"_blank\" rel=\"noopener\">www.twitter.com\/ocesa_rock<\/a><\/p>\n\n\n\n<p class=\"has-text-align-center\"><a href=\"http:\/\/www.instagram.com\/ocesa\" target=\"_blank\" rel=\"noopener\">www.instagram.com\/ocesa<\/a>&nbsp;<\/p>\n<div class=\"fb-background-color\">\n\t\t\t  <div \n\t\t\t  \tclass = \"fb-comments\" \n\t\t\t  \tdata-href = \"https:\/\/www.solograndes.com\/portal\/2023\/07\/29\/enjambre-presenta-elemento-noches-de-salon\/\"\n\t\t\t  \tdata-numposts = \"10\"\n\t\t\t  \tdata-lazy = \"true\"\n\t\t\t\tdata-colorscheme = \"light\"\n\t\t\t\tdata-order-by = \"reverse_time\"\n\t\t\t\tdata-mobile=true>\n\t\t\t  <\/div><\/div>\n\t\t  <style>\n\t\t    .fb-background-color {\n\t\t\t\tbackground:  !important;\n\t\t\t}\n\t\t\t.fb_iframe_widget_fluid_desktop iframe {\n\t\t\t    width: 100% !important;\n\t\t\t}\n\t\t  <\/style>\n\t\t  ","protected":false},"excerpt":{"rendered":"<p>Segunda entrega de\u00a0 Noches De Sal\u00f3n que incluye \u00e1lbum y gira. Enjambre hace sold out del Auditorio Nacional y anuncia segunda fecha&nbsp; \u201cNoches de Sal\u00f3n\u201d es el \u00e1lbum concepto donde la banda presentar\u00e1 nuevas versiones de sus \u00e9xitos en audio y video A partir de septiembre gira Noches De Sal\u00f3n por las principales ciudades del [&hellip;]<\/p>\n","protected":false},"author":1,"featured_media":5713,"comment_status":"open","ping_status":"open","sticky":false,"template":"","format":"standard","meta":{"_jetpack_memberships_contains_paid_content":false,"footnotes":""},"categories":[20],"tags":[],"class_list":["post-5708","post","type-post","status-publish","format-standard","has-post-thumbnail","hentry","category-musica"],"jetpack_featured_media_url":"https:\/\/www.solograndes.com\/portal\/wp-content\/uploads\/2023\/07\/Elemento-1.jpg","jetpack_sharing_enabled":true,"_links":{"self":[{"href":"https:\/\/www.solograndes.com\/portal\/wp-json\/wp\/v2\/posts\/5708","targetHints":{"allow":["GET"]}}],"collection":[{"href":"https:\/\/www.solograndes.com\/portal\/wp-json\/wp\/v2\/posts"}],"about":[{"href":"https:\/\/www.solograndes.com\/portal\/wp-json\/wp\/v2\/types\/post"}],"author":[{"embeddable":true,"href":"https:\/\/www.solograndes.com\/portal\/wp-json\/wp\/v2\/users\/1"}],"replies":[{"embeddable":true,"href":"https:\/\/www.solograndes.com\/portal\/wp-json\/wp\/v2\/comments?post=5708"}],"version-history":[{"count":1,"href":"https:\/\/www.solograndes.com\/portal\/wp-json\/wp\/v2\/posts\/5708\/revisions"}],"predecessor-version":[{"id":5714,"href":"https:\/\/www.solograndes.com\/portal\/wp-json\/wp\/v2\/posts\/5708\/revisions\/5714"}],"wp:featuredmedia":[{"embeddable":true,"href":"https:\/\/www.solograndes.com\/portal\/wp-json\/wp\/v2\/media\/5713"}],"wp:attachment":[{"href":"https:\/\/www.solograndes.com\/portal\/wp-json\/wp\/v2\/media?parent=5708"}],"wp:term":[{"taxonomy":"category","embeddable":true,"href":"https:\/\/www.solograndes.com\/portal\/wp-json\/wp\/v2\/categories?post=5708"},{"taxonomy":"post_tag","embeddable":true,"href":"https:\/\/www.solograndes.com\/portal\/wp-json\/wp\/v2\/tags?post=5708"}],"curies":[{"name":"wp","href":"https:\/\/api.w.org\/{rel}","templated":true}]}}