{"id":5704,"date":"2023-07-28T12:45:42","date_gmt":"2023-07-28T17:45:42","guid":{"rendered":"https:\/\/www.solograndes.com\/portal\/?p=5704"},"modified":"2023-07-28T12:52:57","modified_gmt":"2023-07-28T17:52:57","slug":"la-firma-en-la-arena-monterrey","status":"publish","type":"post","link":"https:\/\/www.solograndes.com\/portal\/2023\/07\/28\/la-firma-en-la-arena-monterrey\/","title":{"rendered":"La Firma en la Arena Monterrey"},"content":{"rendered":"\n<p class=\"has-text-align-center\"><strong>EL REGRESO DE LA FIRMA AL ESCENARIO<\/strong><\/p>\n\n\n\n<p class=\"has-text-align-center\"><strong>MAS IMPORTANTE DE MONTERREY<\/strong><\/p>\n\n\n\n<p class=\"has-text-align-center\"><strong>TOUR 2023<\/strong><\/p>\n\n\n\n<p class=\"has-text-align-left\">Regresa a la Arena Monterrey el grupo regiomontano con m\u00e1s de 50 \u00e9xitos a lo largo de las \u00faltimas dos d\u00e9cadas de carrera art\u00edstica. Su p\u00fablico vivir\u00e1 una noche de grandes canciones.<\/p>\n\n\n\n<p><br><strong>La Firma<\/strong> se presenta una vez m\u00e1s en el recinto m\u00e1s importante de monterrey para llevar a su p\u00fablico por un recorrido de grandes canciones.<br><br>Luis \u00abLouie\u00bb Padilla (vocalista) y Aar\u00f3n \u00abLa Pantera\u00bb Mart\u00ednez (bajo quinto) entregar\u00e1n lo mejor de su repertorio junto a sus compa\u00f1eros Temis Cotera (teclados), Ivan Cabriales (Bajo), Miguel Cruz (Acorde\u00f3n), Jona L\u00f3pez (Bater\u00eda), Alan Padilla (2\u00aa Voz) Rudy Cervantes (Percusiones).<\/p>\n\n\n\n<p class=\"has-text-align-center\"><strong>Arena Monterrey<\/strong><strong><\/strong><\/p>\n\n\n\n<p class=\"has-text-align-center\"><strong>15 de diciembre 09:00 de la noche<\/strong><br><br>La Firma, se ha convertido en un referente de la m\u00fasica regional mexicana. Su l\u00edder, compositor y vocalista Luis \u00abLouie\u00bb Padilla es uno de los compositores m\u00e1s prol\u00edferos del g\u00e9nero regional mexicano, quien junto con Aaron \u00abLa pantera\u00bb Martinez han logrado mantener al grupo en un lugar destacado.<\/p>\n\n\n\n<p><strong>Informaci\u00f3n General<\/strong><\/p>\n\n\n\n<p><strong><u>ARENA MONTERREY:<\/u><\/strong><\/p>\n\n\n\n<p><strong>&nbsp;<\/strong>\u00b7&nbsp;&nbsp;&nbsp; <strong>Concierto<\/strong>: 15 de diciembre 2023, 9:00 de la noche.<\/p>\n\n\n\n<p>\u00b7&nbsp;&nbsp;&nbsp; <strong>Venta al P\u00fablico en General:<\/strong>&nbsp; viernes 28 de julio, a partir de las 12:00 hrs<\/p>\n\n\n\n<p>\u00b7&nbsp;&nbsp;&nbsp; <strong>Puntos de Venta:<\/strong> A trav\u00e9s del sistema <a href=\"http:\/\/www.superboletos.com\/\" target=\"_blank\" rel=\"noopener\">www.superboletos.com<\/a>, Palacio de Hierro, en Taquillas de la Arena Monterrey, Innova Sport y al Tel\u00e9fono 15 15 41 00.<\/p>\n\n\n\n<p>Los boletos oscilan desde los $400.00 y hasta los $2,00.00<\/p>\n\n\n\n<p>&nbsp;<\/p>\n<div class=\"fb-background-color\">\n\t\t\t  <div \n\t\t\t  \tclass = \"fb-comments\" \n\t\t\t  \tdata-href = \"https:\/\/www.solograndes.com\/portal\/2023\/07\/28\/la-firma-en-la-arena-monterrey\/\"\n\t\t\t  \tdata-numposts = \"10\"\n\t\t\t  \tdata-lazy = \"true\"\n\t\t\t\tdata-colorscheme = \"light\"\n\t\t\t\tdata-order-by = \"reverse_time\"\n\t\t\t\tdata-mobile=true>\n\t\t\t  <\/div><\/div>\n\t\t  <style>\n\t\t    .fb-background-color {\n\t\t\t\tbackground:  !important;\n\t\t\t}\n\t\t\t.fb_iframe_widget_fluid_desktop iframe {\n\t\t\t    width: 100% !important;\n\t\t\t}\n\t\t  <\/style>\n\t\t  ","protected":false},"excerpt":{"rendered":"<p>EL REGRESO DE LA FIRMA AL ESCENARIO MAS IMPORTANTE DE MONTERREY TOUR 2023 Regresa a la Arena Monterrey el grupo regiomontano con m\u00e1s de 50 \u00e9xitos a lo largo de las \u00faltimas dos d\u00e9cadas de carrera art\u00edstica. Su p\u00fablico vivir\u00e1 una noche de grandes canciones. La Firma se presenta una vez m\u00e1s en el recinto [&hellip;]<\/p>\n","protected":false},"author":1,"featured_media":5705,"comment_status":"open","ping_status":"open","sticky":false,"template":"","format":"standard","meta":{"_jetpack_memberships_contains_paid_content":false,"footnotes":""},"categories":[20,17],"tags":[],"class_list":["post-5704","post","type-post","status-publish","format-standard","has-post-thumbnail","hentry","category-musica","category-eventos"],"jetpack_featured_media_url":"https:\/\/www.solograndes.com\/portal\/wp-content\/uploads\/2023\/07\/lafirma.jpeg","jetpack_sharing_enabled":true,"_links":{"self":[{"href":"https:\/\/www.solograndes.com\/portal\/wp-json\/wp\/v2\/posts\/5704","targetHints":{"allow":["GET"]}}],"collection":[{"href":"https:\/\/www.solograndes.com\/portal\/wp-json\/wp\/v2\/posts"}],"about":[{"href":"https:\/\/www.solograndes.com\/portal\/wp-json\/wp\/v2\/types\/post"}],"author":[{"embeddable":true,"href":"https:\/\/www.solograndes.com\/portal\/wp-json\/wp\/v2\/users\/1"}],"replies":[{"embeddable":true,"href":"https:\/\/www.solograndes.com\/portal\/wp-json\/wp\/v2\/comments?post=5704"}],"version-history":[{"count":2,"href":"https:\/\/www.solograndes.com\/portal\/wp-json\/wp\/v2\/posts\/5704\/revisions"}],"predecessor-version":[{"id":5707,"href":"https:\/\/www.solograndes.com\/portal\/wp-json\/wp\/v2\/posts\/5704\/revisions\/5707"}],"wp:featuredmedia":[{"embeddable":true,"href":"https:\/\/www.solograndes.com\/portal\/wp-json\/wp\/v2\/media\/5705"}],"wp:attachment":[{"href":"https:\/\/www.solograndes.com\/portal\/wp-json\/wp\/v2\/media?parent=5704"}],"wp:term":[{"taxonomy":"category","embeddable":true,"href":"https:\/\/www.solograndes.com\/portal\/wp-json\/wp\/v2\/categories?post=5704"},{"taxonomy":"post_tag","embeddable":true,"href":"https:\/\/www.solograndes.com\/portal\/wp-json\/wp\/v2\/tags?post=5704"}],"curies":[{"name":"wp","href":"https:\/\/api.w.org\/{rel}","templated":true}]}}