{"id":5489,"date":"2023-03-25T10:27:47","date_gmt":"2023-03-25T15:27:47","guid":{"rendered":"https:\/\/www.solograndes.com\/portal\/?p=5489"},"modified":"2023-03-25T11:17:44","modified_gmt":"2023-03-25T16:17:44","slug":"un-gran-elenco-encabeza-el-cartel-oficial-del-palenque-feria-san-isidro-metepec-2023","status":"publish","type":"post","link":"https:\/\/www.solograndes.com\/portal\/2023\/03\/25\/un-gran-elenco-encabeza-el-cartel-oficial-del-palenque-feria-san-isidro-metepec-2023\/","title":{"rendered":"<strong>UN GRAN ELENCO ENCABEZA EL CARTEL OFICIAL DEL PALENQUE FERIA SAN ISIDRO METEPEC 2023<\/strong>"},"content":{"rendered":"\n<p>Este a\u00f1o, el Palenque Feria San Isidro Metepec 2023 arrancar\u00e1 por todo lo alto, ya que una vez m\u00e1s presentar\u00e1 al mejor elenco para deleitar a los asistentes que a\u00f1o con a\u00f1o se dan cita en este recinto tan importante.<\/p>\n\n\n\n<p>Esta temporada del palenque se llevar\u00e1 a cabo del 04 al 21 de mayo y aqu\u00ed les damos a conocer el cartel oficial:<\/p>\n\n\n\n<p class=\"has-text-align-center\"><strong>04 mayo &#8211; Christian Nodal<br>05 mayo &#8211; Banda MS<br>06 mayo &#8211; Carlos Rivera<br>12 mayo &#8211; Juli\u00f3n \u00c1lvarez y su Norte\u00f1o Banda<br>13 mayo &#8211; Luis R. Conriquez&nbsp;<br>19 mayo &#8211; Carin Le\u00f3n&nbsp;<br>20 mayo &#8211; Edith M\u00e1rquez<br>21 mayo &#8211; Alfredo Olivas<\/strong><\/p>\n\n\n\n<p>Los boletos estar\u00e1n a la venta a partir de este lunes 27 de marzo a trav\u00e9s de www.ticketime.com.mx y en el Hotel Fiesta Inn Tollocan en un horario de 11:00AM a 6:00PM.<\/p>\n\n\n\n<p>As\u00ed que prep\u00e1rate para cantar y bailar en estos grandes eventos que tiene preparados para ti el PALENQUE METEPEC 2023.<\/p>\n<div class=\"fb-background-color\">\n\t\t\t  <div \n\t\t\t  \tclass = \"fb-comments\" \n\t\t\t  \tdata-href = \"https:\/\/www.solograndes.com\/portal\/2023\/03\/25\/un-gran-elenco-encabeza-el-cartel-oficial-del-palenque-feria-san-isidro-metepec-2023\/\"\n\t\t\t  \tdata-numposts = \"10\"\n\t\t\t  \tdata-lazy = \"true\"\n\t\t\t\tdata-colorscheme = \"light\"\n\t\t\t\tdata-order-by = \"reverse_time\"\n\t\t\t\tdata-mobile=true>\n\t\t\t  <\/div><\/div>\n\t\t  <style>\n\t\t    .fb-background-color {\n\t\t\t\tbackground:  !important;\n\t\t\t}\n\t\t\t.fb_iframe_widget_fluid_desktop iframe {\n\t\t\t    width: 100% !important;\n\t\t\t}\n\t\t  <\/style>\n\t\t  ","protected":false},"excerpt":{"rendered":"<p>Este a\u00f1o, el Palenque Feria San Isidro Metepec 2023 arrancar\u00e1 por todo lo alto, ya que una vez m\u00e1s presentar\u00e1 al mejor elenco para deleitar a los asistentes que a\u00f1o con a\u00f1o se dan cita en este recinto tan importante. Esta temporada del palenque se llevar\u00e1 a cabo del 04 al 21 de mayo y [&hellip;]<\/p>\n","protected":false},"author":1,"featured_media":5490,"comment_status":"open","ping_status":"open","sticky":false,"template":"","format":"standard","meta":{"_jetpack_memberships_contains_paid_content":false,"footnotes":""},"categories":[17],"tags":[],"class_list":["post-5489","post","type-post","status-publish","format-standard","has-post-thumbnail","hentry","category-eventos"],"jetpack_featured_media_url":"https:\/\/www.solograndes.com\/portal\/wp-content\/uploads\/2023\/03\/metepec.jpeg","jetpack_sharing_enabled":true,"_links":{"self":[{"href":"https:\/\/www.solograndes.com\/portal\/wp-json\/wp\/v2\/posts\/5489","targetHints":{"allow":["GET"]}}],"collection":[{"href":"https:\/\/www.solograndes.com\/portal\/wp-json\/wp\/v2\/posts"}],"about":[{"href":"https:\/\/www.solograndes.com\/portal\/wp-json\/wp\/v2\/types\/post"}],"author":[{"embeddable":true,"href":"https:\/\/www.solograndes.com\/portal\/wp-json\/wp\/v2\/users\/1"}],"replies":[{"embeddable":true,"href":"https:\/\/www.solograndes.com\/portal\/wp-json\/wp\/v2\/comments?post=5489"}],"version-history":[{"count":2,"href":"https:\/\/www.solograndes.com\/portal\/wp-json\/wp\/v2\/posts\/5489\/revisions"}],"predecessor-version":[{"id":5492,"href":"https:\/\/www.solograndes.com\/portal\/wp-json\/wp\/v2\/posts\/5489\/revisions\/5492"}],"wp:featuredmedia":[{"embeddable":true,"href":"https:\/\/www.solograndes.com\/portal\/wp-json\/wp\/v2\/media\/5490"}],"wp:attachment":[{"href":"https:\/\/www.solograndes.com\/portal\/wp-json\/wp\/v2\/media?parent=5489"}],"wp:term":[{"taxonomy":"category","embeddable":true,"href":"https:\/\/www.solograndes.com\/portal\/wp-json\/wp\/v2\/categories?post=5489"},{"taxonomy":"post_tag","embeddable":true,"href":"https:\/\/www.solograndes.com\/portal\/wp-json\/wp\/v2\/tags?post=5489"}],"curies":[{"name":"wp","href":"https:\/\/api.w.org\/{rel}","templated":true}]}}