{"id":5289,"date":"2022-12-21T23:11:18","date_gmt":"2022-12-22T04:11:18","guid":{"rendered":"https:\/\/www.solograndes.com\/portal\/?p=5289"},"modified":"2022-12-21T23:11:29","modified_gmt":"2022-12-22T04:11:29","slug":"ana-barbara-y-paquita-la-del-bariio-con-la-sonora-santanera","status":"publish","type":"post","link":"https:\/\/www.solograndes.com\/portal\/2022\/12\/21\/ana-barbara-y-paquita-la-del-bariio-con-la-sonora-santanera\/","title":{"rendered":"ANA B\u00c1RBARA Y PAQUITA LA DEL BARRIO CON LA SONORA SANTANERA"},"content":{"rendered":"\n<p class=\"has-text-align-center\"><strong>ARENA MONTERREY<\/strong> 03 de Marzo de 2023, 21:00 HRS.<\/p>\n\n\n\n<p>Luego del \u00e9xito de su tema en conjunto <em>\u201cEl Consejo\u201d<\/em>, <strong>ANA B\u00c1RBARA Y PAQUITA LA DEL BARRIO<\/strong>, se unen nuevamente, ahora en el escenario de la <strong>ARENA MONTERREY<\/strong> este pr\u00f3ximo <em>03 de Marzo de 2023<\/em> a las 21:00 horas, para deleite de su p\u00fablico.<\/p>\n\n\n\n<p>\u2018La Reina Grupera\u2019 Ana B\u00e1rbara y \u2018La Reina del Pueblo\u2019 Paquita la de Barrio, har\u00e1n gala de sus trayectorias y \u00e9xitos musicales en un espect\u00e1culo de primera, donde los temas rom\u00e1nticos y de corazones rotos no podr\u00e1n faltar.<\/p>\n\n\n\n<p>Adem\u00e1s estar\u00e1n a acompa\u00f1adas por la m\u00fasica de <strong>La \u00danica e Internacional Sonora Santanera<\/strong>, que har\u00e1 el complemento perfecto a la velada, donde sin duda ninguno de los espectadores se podr\u00e1 quedar sentado.<\/p>\n\n\n\n<p>En esta noche \u00fanica en la Arena Monterrey el p\u00fablico podr\u00e1 disfrutar del ritmo y sensualidad de Ana B\u00e1rbara, conjugado con los temas fuertes y contra ellos de Paquita la del Barrio, adem\u00e1s del sonido de la Sonora Santanera.<\/p>\n\n\n\n<p><strong>Informaci\u00f3n General<\/strong><\/p>\n\n\n\n<p><strong>Arena Monterrey:<\/strong><\/p>\n\n\n\n<p>&#8211; Venta al P\u00fablico en General: A partir del Jueves 22 de Diciembre del 2022, a las 10:00 horas.<\/p>\n\n\n\n<p>&#8211; Puntos de Venta: A trav\u00e9s del sistema <a href=\"http:\/\/www.superboletos.com\/\" target=\"_blank\" rel=\"noopener\">www.superboletos.com<\/a>, Palacio de Hierro, en Taquillas de la Arena Monterrey e Innova Sport.<\/p>\n\n\n\n<p>Para mayor informaci\u00f3n ingresa a www.zignialive.com<\/p>\n<div class=\"fb-background-color\">\n\t\t\t  <div \n\t\t\t  \tclass = \"fb-comments\" \n\t\t\t  \tdata-href = \"https:\/\/www.solograndes.com\/portal\/2022\/12\/21\/ana-barbara-y-paquita-la-del-bariio-con-la-sonora-santanera\/\"\n\t\t\t  \tdata-numposts = \"10\"\n\t\t\t  \tdata-lazy = \"true\"\n\t\t\t\tdata-colorscheme = \"light\"\n\t\t\t\tdata-order-by = \"reverse_time\"\n\t\t\t\tdata-mobile=true>\n\t\t\t  <\/div><\/div>\n\t\t  <style>\n\t\t    .fb-background-color {\n\t\t\t\tbackground:  !important;\n\t\t\t}\n\t\t\t.fb_iframe_widget_fluid_desktop iframe {\n\t\t\t    width: 100% !important;\n\t\t\t}\n\t\t  <\/style>\n\t\t  ","protected":false},"excerpt":{"rendered":"<p>ARENA MONTERREY 03 de Marzo de 2023, 21:00 HRS. Luego del \u00e9xito de su tema en conjunto \u201cEl Consejo\u201d, ANA B\u00c1RBARA Y PAQUITA LA DEL BARRIO, se unen nuevamente, ahora en el escenario de la ARENA MONTERREY este pr\u00f3ximo 03 de Marzo de 2023 a las 21:00 horas, para deleite de su p\u00fablico. \u2018La Reina [&hellip;]<\/p>\n","protected":false},"author":1,"featured_media":5290,"comment_status":"open","ping_status":"open","sticky":false,"template":"","format":"standard","meta":{"_jetpack_memberships_contains_paid_content":false,"footnotes":""},"categories":[20,17],"tags":[],"class_list":["post-5289","post","type-post","status-publish","format-standard","has-post-thumbnail","hentry","category-musica","category-eventos"],"jetpack_featured_media_url":"https:\/\/www.solograndes.com\/portal\/wp-content\/uploads\/2022\/12\/paquita.jpeg","jetpack_sharing_enabled":true,"_links":{"self":[{"href":"https:\/\/www.solograndes.com\/portal\/wp-json\/wp\/v2\/posts\/5289","targetHints":{"allow":["GET"]}}],"collection":[{"href":"https:\/\/www.solograndes.com\/portal\/wp-json\/wp\/v2\/posts"}],"about":[{"href":"https:\/\/www.solograndes.com\/portal\/wp-json\/wp\/v2\/types\/post"}],"author":[{"embeddable":true,"href":"https:\/\/www.solograndes.com\/portal\/wp-json\/wp\/v2\/users\/1"}],"replies":[{"embeddable":true,"href":"https:\/\/www.solograndes.com\/portal\/wp-json\/wp\/v2\/comments?post=5289"}],"version-history":[{"count":2,"href":"https:\/\/www.solograndes.com\/portal\/wp-json\/wp\/v2\/posts\/5289\/revisions"}],"predecessor-version":[{"id":5292,"href":"https:\/\/www.solograndes.com\/portal\/wp-json\/wp\/v2\/posts\/5289\/revisions\/5292"}],"wp:featuredmedia":[{"embeddable":true,"href":"https:\/\/www.solograndes.com\/portal\/wp-json\/wp\/v2\/media\/5290"}],"wp:attachment":[{"href":"https:\/\/www.solograndes.com\/portal\/wp-json\/wp\/v2\/media?parent=5289"}],"wp:term":[{"taxonomy":"category","embeddable":true,"href":"https:\/\/www.solograndes.com\/portal\/wp-json\/wp\/v2\/categories?post=5289"},{"taxonomy":"post_tag","embeddable":true,"href":"https:\/\/www.solograndes.com\/portal\/wp-json\/wp\/v2\/tags?post=5289"}],"curies":[{"name":"wp","href":"https:\/\/api.w.org\/{rel}","templated":true}]}}