{"id":5069,"date":"2022-09-22T23:52:45","date_gmt":"2022-09-23T04:52:45","guid":{"rendered":"https:\/\/www.solograndes.com\/portal\/?p=5069"},"modified":"2022-09-22T23:52:46","modified_gmt":"2022-09-23T04:52:46","slug":"la-fabrica-de-santa-y-su-aldea","status":"publish","type":"post","link":"https:\/\/www.solograndes.com\/portal\/2022\/09\/22\/la-fabrica-de-santa-y-su-aldea\/","title":{"rendered":"LA F\u00c1BRICA DE SANTA Y SU ALDEA"},"content":{"rendered":"\n<p class=\"has-text-align-center\"><strong>ARENA MONTERREY<\/strong> <strong>DEL 01 AL 23 DE DICIEMBRE<\/strong><\/p>\n\n\n\n<p>La esperanza y la magia de la <em>Navidad<\/em> vuelven a la <strong>ARENA MONTERREY<\/strong> con el espect\u00e1culo <strong>LA F\u00c1BRICA DE SANTA Y SU ALDEA<\/strong>, del 01 al 23 de diciembre de 2022, con varias funciones para toda la familia.<\/p>\n\n\n\n<p>Este 2022 La F\u00e1brica de Santa se vuelve a renovar, pues ahora nuestros visitantes har\u00e1n el recorrido a pie, donde encontrar\u00e1n la obra musical <em>\u201cLa F\u00e1brica de Santa y su aldea<\/em>\u201d y podr\u00e1n ayudar a Santa y a los duendes a salvar la Navidad.<\/p>\n\n\n\n<p>Pues de nueva cuenta una banda de \u2018mugrosos\u2019 est\u00e1 haciendo hasta lo imposible para evitar que Santa pueda cumplir los sue\u00f1os de los ni\u00f1os, pero para eso ha buscado al p\u00fablico de Nuevo Le\u00f3n y sus alrededores, pues s\u00f3lo t\u00fa lograr\u00e1s evitarlo comprometi\u00e9ndote con nosotros.<\/p>\n\n\n\n<p>Adem\u00e1s de la obra, los asistentes podr\u00e1n disfrutar de actividades donde los peque\u00f1os podr\u00e1n desde escribir su carta a Santa y hasta verlo en persona, o tambi\u00e9n disfrutar con los dem\u00e1s duendes divertidas tareas como ayudar a la Sra. Claus con alguna de sus famosas recetas.<\/p>\n\n\n\n<p>Un gran espect\u00e1culo que sin duda har\u00e1 disfrutar a chicos y grandes, envolvi\u00e9ndolos en la magia de la temporada navide\u00f1a, no te lo puedes perder.<\/p>\n\n\n\n<p><strong>Informaci\u00f3n General<\/strong><\/p>\n\n\n\n<p><strong>Arena Monterrey:<\/strong><\/p>\n\n\n\n<p>&#8211; Venta al P\u00fablico en General: A partir del lunes 19 de Septiembre del 2022, a las 10:00 horas.<\/p>\n\n\n\n<p>&#8211; Puntos de Venta: A trav\u00e9s del sistema <a href=\"http:\/\/www.superboletos.com\/\" target=\"_blank\" rel=\"noopener\">www.superboletos.com<\/a>, Palacio de Hierro, en Taquillas de la Arena Monterrey e Innova Sport.<\/p>\n\n\n\n<p>Para mayor informaci\u00f3n ingresa a www.zignialive.com<\/p>\n<div class=\"fb-background-color\">\n\t\t\t  <div \n\t\t\t  \tclass = \"fb-comments\" \n\t\t\t  \tdata-href = \"https:\/\/www.solograndes.com\/portal\/2022\/09\/22\/la-fabrica-de-santa-y-su-aldea\/\"\n\t\t\t  \tdata-numposts = \"10\"\n\t\t\t  \tdata-lazy = \"true\"\n\t\t\t\tdata-colorscheme = \"light\"\n\t\t\t\tdata-order-by = \"reverse_time\"\n\t\t\t\tdata-mobile=true>\n\t\t\t  <\/div><\/div>\n\t\t  <style>\n\t\t    .fb-background-color {\n\t\t\t\tbackground:  !important;\n\t\t\t}\n\t\t\t.fb_iframe_widget_fluid_desktop iframe {\n\t\t\t    width: 100% !important;\n\t\t\t}\n\t\t  <\/style>\n\t\t  ","protected":false},"excerpt":{"rendered":"<p>ARENA MONTERREY DEL 01 AL 23 DE DICIEMBRE La esperanza y la magia de la Navidad vuelven a la ARENA MONTERREY con el espect\u00e1culo LA F\u00c1BRICA DE SANTA Y SU ALDEA, del 01 al 23 de diciembre de 2022, con varias funciones para toda la familia. Este 2022 La F\u00e1brica de Santa se vuelve a [&hellip;]<\/p>\n","protected":false},"author":1,"featured_media":5070,"comment_status":"open","ping_status":"open","sticky":false,"template":"","format":"standard","meta":{"_jetpack_memberships_contains_paid_content":false,"footnotes":""},"categories":[17],"tags":[24,631,632,214],"class_list":["post-5069","post","type-post","status-publish","format-standard","has-post-thumbnail","hentry","category-eventos","tag-arena-monterrey","tag-la-fabrica-de-santa","tag-la-fabrica-de-santa-y-su-aldea","tag-super-boletos"],"jetpack_featured_media_url":"https:\/\/www.solograndes.com\/portal\/wp-content\/uploads\/2022\/09\/Fabrica-de-Santa.jpeg","jetpack_sharing_enabled":true,"_links":{"self":[{"href":"https:\/\/www.solograndes.com\/portal\/wp-json\/wp\/v2\/posts\/5069","targetHints":{"allow":["GET"]}}],"collection":[{"href":"https:\/\/www.solograndes.com\/portal\/wp-json\/wp\/v2\/posts"}],"about":[{"href":"https:\/\/www.solograndes.com\/portal\/wp-json\/wp\/v2\/types\/post"}],"author":[{"embeddable":true,"href":"https:\/\/www.solograndes.com\/portal\/wp-json\/wp\/v2\/users\/1"}],"replies":[{"embeddable":true,"href":"https:\/\/www.solograndes.com\/portal\/wp-json\/wp\/v2\/comments?post=5069"}],"version-history":[{"count":1,"href":"https:\/\/www.solograndes.com\/portal\/wp-json\/wp\/v2\/posts\/5069\/revisions"}],"predecessor-version":[{"id":5072,"href":"https:\/\/www.solograndes.com\/portal\/wp-json\/wp\/v2\/posts\/5069\/revisions\/5072"}],"wp:featuredmedia":[{"embeddable":true,"href":"https:\/\/www.solograndes.com\/portal\/wp-json\/wp\/v2\/media\/5070"}],"wp:attachment":[{"href":"https:\/\/www.solograndes.com\/portal\/wp-json\/wp\/v2\/media?parent=5069"}],"wp:term":[{"taxonomy":"category","embeddable":true,"href":"https:\/\/www.solograndes.com\/portal\/wp-json\/wp\/v2\/categories?post=5069"},{"taxonomy":"post_tag","embeddable":true,"href":"https:\/\/www.solograndes.com\/portal\/wp-json\/wp\/v2\/tags?post=5069"}],"curies":[{"name":"wp","href":"https:\/\/api.w.org\/{rel}","templated":true}]}}