{"id":4089,"date":"2022-03-11T12:46:52","date_gmt":"2022-03-11T17:46:52","guid":{"rendered":"https:\/\/www.solograndes.com\/portal\/?p=4089"},"modified":"2022-03-11T12:47:34","modified_gmt":"2022-03-11T17:47:34","slug":"danny-ocean-se-presento-en-monterrey","status":"publish","type":"post","link":"https:\/\/www.solograndes.com\/portal\/2022\/03\/11\/danny-ocean-se-presento-en-monterrey\/","title":{"rendered":"Danny Ocean se present\u00f3 en Monterrey"},"content":{"rendered":"\n<p>Marzo 11 2022.- DANNY OCEAN hace su debut en Showcenter Complex con un contundente SOLD OUT que reuni\u00f3<br>a 3,850 personas con un aforo al 100% este 10 de Marzo 2022.<\/p>\n\n\n\n<p>En su primer concierto masivo en Monterrey, el talentoso cantante venezolano interpret\u00f3 sus m\u00e1s<br>grandes \u00e9xitos. Este concierto marca el inicio de su gira internacional \u201cDANNY OCEAN TOUR<br>2022\u201d.<\/p>\n\n\n\n<p>Sus fans vivieron una experiencia \u00fanica con una gran producci\u00f3n en el escenario que se visti\u00f3 con<br>una proyecci\u00f3n espectacular de luces y color.<br>El momento m\u00e1s esperado de la noche fue la interpretaci\u00f3n por primera vez en vivo de su m\u00e1s<br>reciente \u00e9xito: \u2018Fuera del Mercado\u2019.<\/p>\n\n\n\n<p>En su setlist destacaron \u2018Dembow\u2019, \u2018Veneno\u2019, \u2018T\u00fa No Me conoces\u2019, \u2018Detente\u2019, \u2018M\u00f3naco\u2019, \u2018Vuelve\u2019,<br>\u2018Swing\u2019; y cerr\u00f3 espectacularmente con \u2018Me Reh\u00faso\u2019.<br>Danny sorprendi\u00f3 muy gratamente a sus seguidores de Instagram al transmitir totalmente en vivo<br>\u2018M\u00f3naco\u2019.<\/p>\n\n\n\n<p>Tras el lanzamiento de su disco debut, 54+1, Danny contin\u00faa expandiendo su \u00e9xito, ha tenido<br>grandes colaboraciones como \u2018Miedito o qu\u00e9\u2019 con Karol G y actualmente el sencillo \u2018M\u00f3naco\u2019 con<br>Lagos.<\/p>\n\n\n\n<p>Danny Ocean marca el inicio de la reactivaci\u00f3n de eventos en Showcenter Complex con un aforo<br>al 100% de su capacidad, cumpliendo todas las medidas de prevenci\u00f3n.<\/p>\n\n\n\n<figure class=\"wp-block-image size-large\"><img loading=\"lazy\" decoding=\"async\" width=\"1024\" height=\"682\" src=\"https:\/\/www.solograndes.com\/portal\/wp-content\/uploads\/2022\/03\/Danny-Ocean-02-Showcenter-1024x682.jpeg\" alt=\"\" class=\"wp-image-4091\" srcset=\"https:\/\/www.solograndes.com\/portal\/wp-content\/uploads\/2022\/03\/Danny-Ocean-02-Showcenter-1024x682.jpeg 1024w, https:\/\/www.solograndes.com\/portal\/wp-content\/uploads\/2022\/03\/Danny-Ocean-02-Showcenter-300x200.jpeg 300w, https:\/\/www.solograndes.com\/portal\/wp-content\/uploads\/2022\/03\/Danny-Ocean-02-Showcenter-768x512.jpeg 768w, https:\/\/www.solograndes.com\/portal\/wp-content\/uploads\/2022\/03\/Danny-Ocean-02-Showcenter-630x420.jpeg 630w, https:\/\/www.solograndes.com\/portal\/wp-content\/uploads\/2022\/03\/Danny-Ocean-02-Showcenter-640x427.jpeg 640w, https:\/\/www.solograndes.com\/portal\/wp-content\/uploads\/2022\/03\/Danny-Ocean-02-Showcenter-681x454.jpeg 681w, https:\/\/www.solograndes.com\/portal\/wp-content\/uploads\/2022\/03\/Danny-Ocean-02-Showcenter.jpeg 1280w\" sizes=\"auto, (max-width: 1024px) 100vw, 1024px\" \/><\/figure>\n<div class=\"fb-background-color\">\n\t\t\t  <div \n\t\t\t  \tclass = \"fb-comments\" \n\t\t\t  \tdata-href = \"https:\/\/www.solograndes.com\/portal\/2022\/03\/11\/danny-ocean-se-presento-en-monterrey\/\"\n\t\t\t  \tdata-numposts = \"10\"\n\t\t\t  \tdata-lazy = \"true\"\n\t\t\t\tdata-colorscheme = \"light\"\n\t\t\t\tdata-order-by = \"reverse_time\"\n\t\t\t\tdata-mobile=true>\n\t\t\t  <\/div><\/div>\n\t\t  <style>\n\t\t    .fb-background-color {\n\t\t\t\tbackground:  !important;\n\t\t\t}\n\t\t\t.fb_iframe_widget_fluid_desktop iframe {\n\t\t\t    width: 100% !important;\n\t\t\t}\n\t\t  <\/style>\n\t\t  ","protected":false},"excerpt":{"rendered":"<p>Marzo 11 2022.- DANNY OCEAN hace su debut en Showcenter Complex con un contundente SOLD OUT que reuni\u00f3a 3,850 personas con un aforo al 100% este 10 de Marzo 2022. En su primer concierto masivo en Monterrey, el talentoso cantante venezolano interpret\u00f3 sus m\u00e1sgrandes \u00e9xitos. Este concierto marca el inicio de su gira internacional \u201cDANNY [&hellip;]<\/p>\n","protected":false},"author":1,"featured_media":4090,"comment_status":"open","ping_status":"open","sticky":false,"template":"","format":"standard","meta":{"_jetpack_memberships_contains_paid_content":false,"footnotes":""},"categories":[18],"tags":[335,144],"class_list":["post-4089","post","type-post","status-publish","format-standard","has-post-thumbnail","hentry","category-resenas","tag-danny-ocean","tag-showcenter-complex"],"jetpack_featured_media_url":"https:\/\/www.solograndes.com\/portal\/wp-content\/uploads\/2022\/03\/Danny-Ocean-01-Showcenter.jpeg","jetpack_sharing_enabled":true,"_links":{"self":[{"href":"https:\/\/www.solograndes.com\/portal\/wp-json\/wp\/v2\/posts\/4089","targetHints":{"allow":["GET"]}}],"collection":[{"href":"https:\/\/www.solograndes.com\/portal\/wp-json\/wp\/v2\/posts"}],"about":[{"href":"https:\/\/www.solograndes.com\/portal\/wp-json\/wp\/v2\/types\/post"}],"author":[{"embeddable":true,"href":"https:\/\/www.solograndes.com\/portal\/wp-json\/wp\/v2\/users\/1"}],"replies":[{"embeddable":true,"href":"https:\/\/www.solograndes.com\/portal\/wp-json\/wp\/v2\/comments?post=4089"}],"version-history":[{"count":2,"href":"https:\/\/www.solograndes.com\/portal\/wp-json\/wp\/v2\/posts\/4089\/revisions"}],"predecessor-version":[{"id":4093,"href":"https:\/\/www.solograndes.com\/portal\/wp-json\/wp\/v2\/posts\/4089\/revisions\/4093"}],"wp:featuredmedia":[{"embeddable":true,"href":"https:\/\/www.solograndes.com\/portal\/wp-json\/wp\/v2\/media\/4090"}],"wp:attachment":[{"href":"https:\/\/www.solograndes.com\/portal\/wp-json\/wp\/v2\/media?parent=4089"}],"wp:term":[{"taxonomy":"category","embeddable":true,"href":"https:\/\/www.solograndes.com\/portal\/wp-json\/wp\/v2\/categories?post=4089"},{"taxonomy":"post_tag","embeddable":true,"href":"https:\/\/www.solograndes.com\/portal\/wp-json\/wp\/v2\/tags?post=4089"}],"curies":[{"name":"wp","href":"https:\/\/api.w.org\/{rel}","templated":true}]}}