{"id":3981,"date":"2022-02-08T13:29:43","date_gmt":"2022-02-08T18:29:43","guid":{"rendered":"https:\/\/www.solograndes.com\/portal\/?p=3981"},"modified":"2022-02-08T13:29:48","modified_gmt":"2022-02-08T18:29:48","slug":"vicentico-en-mexico","status":"publish","type":"post","link":"https:\/\/www.solograndes.com\/portal\/2022\/02\/08\/vicentico-en-mexico\/","title":{"rendered":"Vicentico en M\u00e9xico"},"content":{"rendered":"\n<figure class=\"wp-block-table\"><table><tbody><tr><td>Monterrey 6 de abril Pabell\u00f3n M<\/td><td>Torreon 7 de abril Poliforum<\/td><td>Le\u00f3n 9 de abril Foro del Lago<\/td><\/tr><\/tbody><\/table><\/figure>\n\n\n\n<p><strong>Vicentico<\/strong> anuncia gira por nuestro pa\u00eds en donde incluir\u00e1 actuaciones en Monterrey, Torreon y Le\u00f3n, Gto.<\/p>\n\n\n\n<p>EL cantante y compositor de rock argentino es uno de los m\u00e1s importantes referentes del rock en espa\u00f1ol a nivel mundial, nominado y ganador los de los premios m\u00e1s prestigiados de la industria musical a nivel internacional. &nbsp;<\/p>\n\n\n\n<p>Vicentico inici\u00f3 su carrera en 1985 como cofundador y guitarrista de Los Fabulosos Cadillacs. En el a\u00f1o 2002 despu\u00e9s de una etapa de gran \u00e9xito junto a la agrupaci\u00f3n, inicia su carrera en solitario lanzando el \u00e1lbum \u201cVicentico\u201d, logrando un rotundo \u00e9xito que lo llev\u00f3 a obtener Discos de Oro y Platino por las altas ventas registradas en su Sudam\u00e9rica.<\/p>\n\n\n\n<p>A su primer \u00e1lbum como solista le siguieron otros como \u201cLos Rayos\u201d y \u201cLos P\u00e1jaros\u201d, con los que su carrera sostuvo un ascenso incre\u00edble. En el 2008 lanza \u201cHits 2002-2008\u201d con el que enmarca su primera etapa como solista. En 2010 presenta \u201cSolo un momento\u201d y dos a\u00f1os despu\u00e9s lanza \u201cVicentico 5\u201d, posteriormente llegar\u00edan otros como \u201cUltimo acto\u201d y \u201cUn poso brillante\u201d.<\/p>\n\n\n\n<p>Su popularidad internacional se ha dado gracias a \u00e9xitos como \u201cNo te apartes de m\u00ed\u201d, \u201cAlgo contigo\u201d, \u201cLos caminos de la vida\u201d, \u201cPaisaje\u201d y \u201cCreo que me enamor\u00e9\u201d, entre muchos de una extensa lista. Su m\u00e1s reciente sencillo \u201cColgado en las alturas\u201d sali\u00f3 a la luz a finales del 2021 y ya es uno de los hits consentidos de los amantes del rock en espa\u00f1ol.<\/p>\n\n\n\n<p>Venta de boletos:<\/p>\n\n\n\n<figure class=\"wp-block-table\"><table><tbody><tr><td class=\"has-text-align-center\" data-align=\"center\"><strong>Monterrey<\/strong><br>Preventa Hey Banco 10 de febrero<br>Venta libre 11 de febrero Ticketmaster \u00a0<\/td><td class=\"has-text-align-center\" data-align=\"center\"><strong>Torre\u00f3n<\/strong><br>Venta libre 10 de febrero Boletea \u00a0<\/td><td class=\"has-text-align-center\" data-align=\"center\"><strong>Le\u00f3n<\/strong><br>Venta libre 10 de febrero Super Boletos \u00a0<\/td><\/tr><\/tbody><\/table><\/figure>\n<div class=\"fb-background-color\">\n\t\t\t  <div \n\t\t\t  \tclass = \"fb-comments\" \n\t\t\t  \tdata-href = \"https:\/\/www.solograndes.com\/portal\/2022\/02\/08\/vicentico-en-mexico\/\"\n\t\t\t  \tdata-numposts = \"10\"\n\t\t\t  \tdata-lazy = \"true\"\n\t\t\t\tdata-colorscheme = \"light\"\n\t\t\t\tdata-order-by = \"reverse_time\"\n\t\t\t\tdata-mobile=true>\n\t\t\t  <\/div><\/div>\n\t\t  <style>\n\t\t    .fb-background-color {\n\t\t\t\tbackground:  !important;\n\t\t\t}\n\t\t\t.fb_iframe_widget_fluid_desktop iframe {\n\t\t\t    width: 100% !important;\n\t\t\t}\n\t\t  <\/style>\n\t\t  ","protected":false},"excerpt":{"rendered":"<p>Monterrey 6 de abril Pabell\u00f3n M Torreon 7 de abril Poliforum Le\u00f3n 9 de abril Foro del Lago Vicentico anuncia gira por nuestro pa\u00eds en donde incluir\u00e1 actuaciones en Monterrey, Torreon y Le\u00f3n, Gto. EL cantante y compositor de rock argentino es uno de los m\u00e1s importantes referentes del rock en espa\u00f1ol a nivel mundial, [&hellip;]<\/p>\n","protected":false},"author":1,"featured_media":3982,"comment_status":"open","ping_status":"open","sticky":false,"template":"","format":"standard","meta":{"_jetpack_memberships_contains_paid_content":false,"footnotes":""},"categories":[17],"tags":[245,198,251,250],"class_list":["post-3981","post","type-post","status-publish","format-standard","has-post-thumbnail","hentry","category-eventos","tag-auditorio-pabellon-m","tag-foro-del-lago","tag-poliforum","tag-vicentico"],"jetpack_featured_media_url":"https:\/\/www.solograndes.com\/portal\/wp-content\/uploads\/2022\/02\/Vicentico.jpeg","jetpack_sharing_enabled":true,"_links":{"self":[{"href":"https:\/\/www.solograndes.com\/portal\/wp-json\/wp\/v2\/posts\/3981","targetHints":{"allow":["GET"]}}],"collection":[{"href":"https:\/\/www.solograndes.com\/portal\/wp-json\/wp\/v2\/posts"}],"about":[{"href":"https:\/\/www.solograndes.com\/portal\/wp-json\/wp\/v2\/types\/post"}],"author":[{"embeddable":true,"href":"https:\/\/www.solograndes.com\/portal\/wp-json\/wp\/v2\/users\/1"}],"replies":[{"embeddable":true,"href":"https:\/\/www.solograndes.com\/portal\/wp-json\/wp\/v2\/comments?post=3981"}],"version-history":[{"count":1,"href":"https:\/\/www.solograndes.com\/portal\/wp-json\/wp\/v2\/posts\/3981\/revisions"}],"predecessor-version":[{"id":3983,"href":"https:\/\/www.solograndes.com\/portal\/wp-json\/wp\/v2\/posts\/3981\/revisions\/3983"}],"wp:featuredmedia":[{"embeddable":true,"href":"https:\/\/www.solograndes.com\/portal\/wp-json\/wp\/v2\/media\/3982"}],"wp:attachment":[{"href":"https:\/\/www.solograndes.com\/portal\/wp-json\/wp\/v2\/media?parent=3981"}],"wp:term":[{"taxonomy":"category","embeddable":true,"href":"https:\/\/www.solograndes.com\/portal\/wp-json\/wp\/v2\/categories?post=3981"},{"taxonomy":"post_tag","embeddable":true,"href":"https:\/\/www.solograndes.com\/portal\/wp-json\/wp\/v2\/tags?post=3981"}],"curies":[{"name":"wp","href":"https:\/\/api.w.org\/{rel}","templated":true}]}}