{"id":3288,"date":"2021-08-04T23:32:00","date_gmt":"2021-08-05T04:32:00","guid":{"rendered":"https:\/\/www.solograndes.com\/portal\/?p=3288"},"modified":"2021-08-05T09:17:00","modified_gmt":"2021-08-05T14:17:00","slug":"ricardo-montaner-anuncio-nueva-fecha-en-monterrey","status":"publish","type":"post","link":"https:\/\/www.solograndes.com\/portal\/2021\/08\/04\/ricardo-montaner-anuncio-nueva-fecha-en-monterrey\/","title":{"rendered":"Ricardo Montaner anuncia nueva fecha en Monterrey."},"content":{"rendered":"\n<p>4 de agosto de 2021.- Ricardo Montaner el cantante y compositor que durante m\u00e1s de 20 a\u00f1os ha deleitado con su m\u00fasica rom\u00e1ntica y mel\u00f3dica, est\u00e1 de regreso para &nbsp;anunciar la nueva presentaci\u00f3n despu\u00e9s de posponerla debido a la contingencia mundial por COVID-19.<\/p>\n\n\n\n<p class=\"has-text-align-center\"><strong>NUEVA FECHA:<\/strong><\/p>\n\n\n\n<p class=\"has-text-align-center\"><strong>7 de Abril 2022, 21:00 hrs, Arena Monterrey<\/strong><\/p>\n\n\n\n<p>Las personas que hayan adquirido sus boletos, podr\u00e1n utilizarlos para esta nueva presentaci\u00f3n sin cambio alguno.<\/p>\n\n\n\n<p>El cantante, regresa a Monterrey presentando su nueva gira llamada: <strong>MONTANER TOUR 2022<\/strong> la cual estar\u00e1 llena de \u00e9xitos y canciones inolvidables.<\/p>\n<div class=\"fb-background-color\">\n\t\t\t  <div \n\t\t\t  \tclass = \"fb-comments\" \n\t\t\t  \tdata-href = \"https:\/\/www.solograndes.com\/portal\/2021\/08\/04\/ricardo-montaner-anuncio-nueva-fecha-en-monterrey\/\"\n\t\t\t  \tdata-numposts = \"10\"\n\t\t\t  \tdata-lazy = \"true\"\n\t\t\t\tdata-colorscheme = \"light\"\n\t\t\t\tdata-order-by = \"reverse_time\"\n\t\t\t\tdata-mobile=true>\n\t\t\t  <\/div><\/div>\n\t\t  <style>\n\t\t    .fb-background-color {\n\t\t\t\tbackground:  !important;\n\t\t\t}\n\t\t\t.fb_iframe_widget_fluid_desktop iframe {\n\t\t\t    width: 100% !important;\n\t\t\t}\n\t\t  <\/style>\n\t\t  ","protected":false},"excerpt":{"rendered":"<p>4 de agosto de 2021.- Ricardo Montaner el cantante y compositor que durante m\u00e1s de 20 a\u00f1os ha deleitado con su m\u00fasica rom\u00e1ntica y mel\u00f3dica, est\u00e1 de regreso para &nbsp;anunciar la nueva presentaci\u00f3n despu\u00e9s de posponerla debido a la contingencia mundial por COVID-19. NUEVA FECHA: 7 de Abril 2022, 21:00 hrs, Arena Monterrey Las personas [&hellip;]<\/p>\n","protected":false},"author":1,"featured_media":3289,"comment_status":"open","ping_status":"open","sticky":false,"template":"","format":"standard","meta":{"_jetpack_memberships_contains_paid_content":false,"footnotes":""},"categories":[17],"tags":[],"class_list":["post-3288","post","type-post","status-publish","format-standard","has-post-thumbnail","hentry","category-eventos"],"jetpack_featured_media_url":"https:\/\/www.solograndes.com\/portal\/wp-content\/uploads\/2021\/08\/Montaner-4-08-2021-min.jpeg","jetpack_sharing_enabled":true,"_links":{"self":[{"href":"https:\/\/www.solograndes.com\/portal\/wp-json\/wp\/v2\/posts\/3288","targetHints":{"allow":["GET"]}}],"collection":[{"href":"https:\/\/www.solograndes.com\/portal\/wp-json\/wp\/v2\/posts"}],"about":[{"href":"https:\/\/www.solograndes.com\/portal\/wp-json\/wp\/v2\/types\/post"}],"author":[{"embeddable":true,"href":"https:\/\/www.solograndes.com\/portal\/wp-json\/wp\/v2\/users\/1"}],"replies":[{"embeddable":true,"href":"https:\/\/www.solograndes.com\/portal\/wp-json\/wp\/v2\/comments?post=3288"}],"version-history":[{"count":2,"href":"https:\/\/www.solograndes.com\/portal\/wp-json\/wp\/v2\/posts\/3288\/revisions"}],"predecessor-version":[{"id":3291,"href":"https:\/\/www.solograndes.com\/portal\/wp-json\/wp\/v2\/posts\/3288\/revisions\/3291"}],"wp:featuredmedia":[{"embeddable":true,"href":"https:\/\/www.solograndes.com\/portal\/wp-json\/wp\/v2\/media\/3289"}],"wp:attachment":[{"href":"https:\/\/www.solograndes.com\/portal\/wp-json\/wp\/v2\/media?parent=3288"}],"wp:term":[{"taxonomy":"category","embeddable":true,"href":"https:\/\/www.solograndes.com\/portal\/wp-json\/wp\/v2\/categories?post=3288"},{"taxonomy":"post_tag","embeddable":true,"href":"https:\/\/www.solograndes.com\/portal\/wp-json\/wp\/v2\/tags?post=3288"}],"curies":[{"name":"wp","href":"https:\/\/api.w.org\/{rel}","templated":true}]}}