{"id":3187,"date":"2021-06-27T22:42:24","date_gmt":"2021-06-28T03:42:24","guid":{"rendered":"https:\/\/www.solograndes.com\/portal\/?p=3187"},"modified":"2021-06-27T22:42:30","modified_gmt":"2021-06-28T03:42:30","slug":"edith-marquez-se-reencuentra-con-sus-fans-en-palco-tecate","status":"publish","type":"post","link":"https:\/\/www.solograndes.com\/portal\/2021\/06\/27\/edith-marquez-se-reencuentra-con-sus-fans-en-palco-tecate\/","title":{"rendered":"Edith M\u00e1rquez se reencuentra con sus fans en Palco Tecate"},"content":{"rendered":"\n<p class=\"has-text-align-center\"><strong>Estuvo acompa\u00f1ada de su hijo Bastian<\/strong><\/p>\n\n\n\n<p>27 de Junio de 2021.- Se lleg\u00f3 el d\u00eda en el que Edith M\u00e1rquez volvi\u00f3 a los escenarios, y que mejor que en una de sus plazas m\u00e1s fuertes que es Monterrey, pero en esta ocasi\u00f3n no vino sola, ya que le di\u00f3 la oportunidad \u00a0su hijo Bastian de abrir su concierto e impulsar su carrera que apenas inicia.<\/p>\n\n\n\n<p>Fue a las 21:30 horas cuando Bastian subi\u00f3 al escenario para debutar con los temas \u201cVuelve\u201d, \u201cCrazy Little Thing Called\u201d y \u201cComo yo\u201d, su primer sencillo, para posteriormente ceder el lugar a Edith M\u00e1rquez, quien arranc\u00f3 su concierto con los temas \u201cLlamarada\u201d, \u201cSin \u00e9l, \u201cTe quiero, te quiero\u201d y \u201cOlv\u00eddalo\u201d, &nbsp;este ultimo el sencillo que actualmente se encuentra promocionando.<\/p>\n\n\n\n<p>La originaria de Ciudad de M\u00e9xico agradeci\u00f3 al p\u00fablico regiomontano por asistir a su concierto en el Palco Tecate, el cual fue adem\u00e1s muy especial pues entre los asistentes se encontraban algunos miembros su familia.<\/p>\n\n\n\n<p>Edith M\u00e1rquez tuvo tres cambios de vestuario, &nbsp;dependiendo el estilo musical que interpret\u00f3, todos ellos en color negro . Adem\u00e1s de estar acompa\u00f1ada por sus m\u00fasicos y mariachi.<\/p>\n\n\n\n<p>\u201c<em>Esta rola si es para las mujeres, mi p\u00fablico cautivo, las que se echan sus tragos porque el marido las abandon\u00f3 o la enga\u00f1\u00f3\u2026 me incluyo\u201d&nbsp;<\/em>mencion\u00f3 previamente a interpretar \u201cLa misma gran se\u00f1ora\u201d.&nbsp;<\/p>\n\n\n\n<p>Obviamente no pod\u00eda faltar que madre e hijo cantaran juntos, as\u00ed que a medio show volvi\u00f3 Bastian al escenario y cantaron a dueto \u201cEstoy enamorado\u201d, \u201cColgado en tus manos\u201d y \u201cTu amor me hace bien\u201d.<\/p>\n\n\n\n<p>El Palco Tecate vibr\u00f3 cuando las 2,800 personas que se dieron cita en el recinto cantaran a todo pulm\u00f3n \u201cCuando grita la piel\u201d, \u201cNo te preocupes por mi\u201d y uno de sus principales \u00e9xitos \u201cMi error, mi fantas\u00eda\u201d.<\/p>\n\n\n\n<p>Edith M\u00e1rquez prepar\u00f3 un cierre espectacular con grandes temas de la m\u00fasica popular mexicana empezando por el \u201cCorrido de Monterrey\u201d, \u201cEl Sinaloense\u201d, \u201cAc\u00e1 entre nos\u201d, \u201cM\u00e9xico lindo y querido\u201d, entre otros, acompa\u00f1ada de su mariachi.<\/p>\n\n\n\n<p>Se lleg\u00f3 el d\u00eda en el que Edith M\u00e1rquez volvi\u00f3 a los escenarios, y que mejor que en una de sus plazas m\u00e1s fuertes que es Monterrey, pero en esta ocasi\u00f3n no vino sola, ya que le di\u00f3 la oportunidad &nbsp;su hijo Bastian de abrir su concierto e impulsar su carrera que apenas inicia.<\/p>\n\n\n\n<p>Fue a las 21:30 horas cuando Bastian subi\u00f3 al escenario para debutar con los temas \u201cVuelve\u201d, \u201cCrazy Little Thing Called\u201d y \u201cComo yo\u201d, su primer sencillo, para posteriormente ceder el lugar a Edith M\u00e1rquez, quien arranc\u00f3 su concierto con los temas \u201cLlamarada\u201d, \u201cSin \u00e9l, \u201cTe quiero, te quiero\u201d y \u201cOlv\u00eddalo\u201d, &nbsp;este ultimo el sencillo que actualmente se encuentra promocionando.<\/p>\n\n\n\n<p>La originaria de Ciudad de M\u00e9xico agradeci\u00f3 al p\u00fablico regiomontano por asistir a su concierto en el Palco Tecate, el cual fue adem\u00e1s muy especial pues entre los asistentes se encontraban algunos miembros su familia.<\/p>\n\n\n\n<p>Edith M\u00e1rquez tuvo tres cambios de vestuario, &nbsp;dependiendo el estilo musical que interpret\u00f3, todos ellos en color negro . Adem\u00e1s de estar acompa\u00f1ada por sus m\u00fasicos y mariachi.<\/p>\n\n\n\n<p>\u201c<em>Esta rola si es para las mujeres, mi p\u00fablico cautivo, las que se echan sus tragos porque el marido las abandon\u00f3 o la enga\u00f1\u00f3\u2026 me incluyo\u201d&nbsp;<\/em>mencion\u00f3 previamente a interpretar \u201cLa misma gran se\u00f1ora\u201d.&nbsp;<\/p>\n\n\n\n<p>Obviamente no pod\u00eda faltar que madre e hijo cantaran juntos, as\u00ed que a medio show volvi\u00f3 Bastian al escenario y cantaron a dueto \u201cEstoy enamorado\u201d, \u201cColgado en tus manos\u201d y \u201cTu amor me hace bien\u201d.<\/p>\n\n\n\n<p>El Palco Tecate vibr\u00f3 cuando las 2,800 personas que se dieron cita en el recinto cantaran a todo pulm\u00f3n \u201cCuando grita la piel\u201d, \u201cNo te preocupes por mi\u201d y uno de sus principales \u00e9xitos \u201cMi error, mi fantas\u00eda\u201d.<\/p>\n\n\n\n<p>Edith M\u00e1rquez prepar\u00f3 un cierre espectacular con grandes temas de la m\u00fasica popular mexicana empezando por el \u201cCorrido de Monterrey\u201d, \u201cEl Sinaloense\u201d, \u201cAc\u00e1 entre nos\u201d, \u201cM\u00e9xico lindo y querido\u201d, entre otros, acompa\u00f1ada de su mariachi.<\/p>\n\n\n\n<p>Edith M\u00e1rquez prepar\u00f3 un cierre espectacular con grandes temas de la m\u00fasica popular mexicana empezando por el \u201cCorrido de Monterrey\u201d, \u201cEl Sinaloense\u201d, \u201cAc\u00e1 entre nos\u201d, \u201cM\u00e9xico lindo y querido\u201d, entre otros, acompa\u00f1ada de su mariachi.<\/p>\n\n\n\n<div class=\"wp-block-image\"><figure class=\"aligncenter size-large\"><img loading=\"lazy\" decoding=\"async\" width=\"900\" height=\"1200\" src=\"https:\/\/www.solograndes.com\/portal\/wp-content\/uploads\/2021\/06\/Edith-Marquez-3-27-06-2021-min.jpeg\" alt=\"\" class=\"wp-image-3189\" srcset=\"https:\/\/www.solograndes.com\/portal\/wp-content\/uploads\/2021\/06\/Edith-Marquez-3-27-06-2021-min.jpeg 900w, https:\/\/www.solograndes.com\/portal\/wp-content\/uploads\/2021\/06\/Edith-Marquez-3-27-06-2021-min-225x300.jpeg 225w, https:\/\/www.solograndes.com\/portal\/wp-content\/uploads\/2021\/06\/Edith-Marquez-3-27-06-2021-min-768x1024.jpeg 768w, https:\/\/www.solograndes.com\/portal\/wp-content\/uploads\/2021\/06\/Edith-Marquez-3-27-06-2021-min-315x420.jpeg 315w, https:\/\/www.solograndes.com\/portal\/wp-content\/uploads\/2021\/06\/Edith-Marquez-3-27-06-2021-min-640x853.jpeg 640w, https:\/\/www.solograndes.com\/portal\/wp-content\/uploads\/2021\/06\/Edith-Marquez-3-27-06-2021-min-681x908.jpeg 681w\" sizes=\"auto, (max-width: 900px) 100vw, 900px\" \/><\/figure><\/div>\n<div class=\"fb-background-color\">\n\t\t\t  <div \n\t\t\t  \tclass = \"fb-comments\" \n\t\t\t  \tdata-href = \"https:\/\/www.solograndes.com\/portal\/2021\/06\/27\/edith-marquez-se-reencuentra-con-sus-fans-en-palco-tecate\/\"\n\t\t\t  \tdata-numposts = \"10\"\n\t\t\t  \tdata-lazy = \"true\"\n\t\t\t\tdata-colorscheme = \"light\"\n\t\t\t\tdata-order-by = \"reverse_time\"\n\t\t\t\tdata-mobile=true>\n\t\t\t  <\/div><\/div>\n\t\t  <style>\n\t\t    .fb-background-color {\n\t\t\t\tbackground:  !important;\n\t\t\t}\n\t\t\t.fb_iframe_widget_fluid_desktop iframe {\n\t\t\t    width: 100% !important;\n\t\t\t}\n\t\t  <\/style>\n\t\t  ","protected":false},"excerpt":{"rendered":"<p>Estuvo acompa\u00f1ada de su hijo Bastian 27 de Junio de 2021.- Se lleg\u00f3 el d\u00eda en el que Edith M\u00e1rquez volvi\u00f3 a los escenarios, y que mejor que en una de sus plazas m\u00e1s fuertes que es Monterrey, pero en esta ocasi\u00f3n no vino sola, ya que le di\u00f3 la oportunidad \u00a0su hijo Bastian de [&hellip;]<\/p>\n","protected":false},"author":1,"featured_media":3188,"comment_status":"open","ping_status":"open","sticky":false,"template":"","format":"standard","meta":{"_jetpack_memberships_contains_paid_content":false,"footnotes":""},"categories":[17,20],"tags":[],"class_list":["post-3187","post","type-post","status-publish","format-standard","has-post-thumbnail","hentry","category-eventos","category-musica"],"jetpack_featured_media_url":"https:\/\/www.solograndes.com\/portal\/wp-content\/uploads\/2021\/06\/Edith-Marquez-2-27-06-2021-min.jpeg","jetpack_sharing_enabled":true,"_links":{"self":[{"href":"https:\/\/www.solograndes.com\/portal\/wp-json\/wp\/v2\/posts\/3187","targetHints":{"allow":["GET"]}}],"collection":[{"href":"https:\/\/www.solograndes.com\/portal\/wp-json\/wp\/v2\/posts"}],"about":[{"href":"https:\/\/www.solograndes.com\/portal\/wp-json\/wp\/v2\/types\/post"}],"author":[{"embeddable":true,"href":"https:\/\/www.solograndes.com\/portal\/wp-json\/wp\/v2\/users\/1"}],"replies":[{"embeddable":true,"href":"https:\/\/www.solograndes.com\/portal\/wp-json\/wp\/v2\/comments?post=3187"}],"version-history":[{"count":1,"href":"https:\/\/www.solograndes.com\/portal\/wp-json\/wp\/v2\/posts\/3187\/revisions"}],"predecessor-version":[{"id":3190,"href":"https:\/\/www.solograndes.com\/portal\/wp-json\/wp\/v2\/posts\/3187\/revisions\/3190"}],"wp:featuredmedia":[{"embeddable":true,"href":"https:\/\/www.solograndes.com\/portal\/wp-json\/wp\/v2\/media\/3188"}],"wp:attachment":[{"href":"https:\/\/www.solograndes.com\/portal\/wp-json\/wp\/v2\/media?parent=3187"}],"wp:term":[{"taxonomy":"category","embeddable":true,"href":"https:\/\/www.solograndes.com\/portal\/wp-json\/wp\/v2\/categories?post=3187"},{"taxonomy":"post_tag","embeddable":true,"href":"https:\/\/www.solograndes.com\/portal\/wp-json\/wp\/v2\/tags?post=3187"}],"curies":[{"name":"wp","href":"https:\/\/api.w.org\/{rel}","templated":true}]}}