{"id":2449,"date":"2020-09-06T19:13:50","date_gmt":"2020-09-07T00:13:50","guid":{"rendered":"https:\/\/www.solograndes.com\/portal\/?p=2449"},"modified":"2020-09-06T19:25:27","modified_gmt":"2020-09-07T00:25:27","slug":"ocesa-presenta-a-alejandro-fernandez","status":"publish","type":"post","link":"https:\/\/www.solograndes.com\/portal\/2020\/09\/06\/ocesa-presenta-a-alejandro-fernandez\/","title":{"rendered":"OCESA presenta a Alejandro Fern\u00e1ndez"},"content":{"rendered":"\n<p><strong>El m\u00e1ximo exponente de la m\u00fasica mexicana<\/strong> <strong>presentar\u00e1 el espect\u00e1culo AM\u00c9RICA A UNA SOLA VOZ bajo el concepto IRREPETIBLE<\/strong><br><strong>Una oportunidad \u00fanica para disfrutar en casa del concierto in\u00e9dito de un artista internacional<\/strong><\/p>\n\n\n\n<p><strong>El evento ser\u00e1 transmitido en M\u00e9xico, Estados Unidos, Centro y Sudam\u00e9rica<\/strong> <strong>S\u00e1bado 3 de octubre de 2020, 20:30 hrs.<\/strong><br><strong>En M\u00e9xico disfr\u00fatalo a trav\u00e9s de eTicket Live<\/strong><\/p>\n\n\n\n<p><strong>*Venta de boletos: 2 de septiembre<\/strong><\/p>\n\n\n\n<p>Alejandro Fern\u00e1ndez, el m\u00e1ximo exponente de la m\u00fasica regional mexicana, llegar\u00e1, por \u00fanica vez, hasta las casas de todos sus fans de M\u00e9xico, Estados Unidos, Centro y Sudam\u00e9rica con el concierto <strong>AM\u00c9RICA A UNA SOLA VOZ<\/strong>, en el cual el cantante no s\u00f3lo interpretar\u00e1 sus grandes \u00e9xitos en vivo, sino que ofrecer\u00e1 un show in\u00e9dito con&nbsp;una nueva producci\u00f3n a la altura de los mejores espect\u00e1culos a nivel mundial.<\/p>\n\n\n\n<p>Este evento sin precedentes se llevar\u00e1 a cabo en <em>streaming<\/em> y en M\u00e9xico podr\u00e1 ser disfrutado a trav\u00e9s de la plataforma <strong>eTicket Live<\/strong>, bajo el exitoso concepto <strong>IRREPETIBLE<\/strong>. La cita es el <strong>s\u00e1bado 3 de octubre a las<\/strong><strong>20:30<\/strong> horas. Los boletos para&nbsp;acceder a esta presentaci\u00f3n estar\u00e1n a la venta a partir del <strong>2 de septiembre<\/strong><strong>a las 12 pm.<\/strong><\/p>\n\n\n\n<p><strong>Alejandro Fern\u00e1ndez<\/strong> ha sido uno de los artistas m\u00e1s activos en los recientes meses, gracias al lanzamiento de su disco <strong>Hecho en M\u00e9xico,<\/strong> que debut\u00f3 como \u00c1lbum Latino y \u00c1lbum Regional Mexicano #1 de las listas de Billboard en Estados Unidos y Puerto Rico, adem\u00e1s de #1 en los charts generales de Apple Music y iTunes M\u00e9xico, y #1 de ventas f\u00edsicas en M\u00e9xico, Espa\u00f1a y Latinoam\u00e9rica.<\/p>\n\n\n\n<p>De este disco se han desprendido exitosos sencillos que lo han mantenido como uno de los artistas m\u00e1s escuchados en el continente americano, entre ellos <em>Caballero<\/em>, <em>Te olvid\u00e9<\/em>, <em>Ment\u00ed<\/em> a dueto con su padre Vicente Fern\u00e1ndez, y <em>Decepciones<\/em>, cuya nueva versi\u00f3n al lado de Calibre 50 ha sido un verdadero fen\u00f3meno, ya que el video ha rebasado, en tiempo r\u00e9cord, 5 millones de reproducciones.<\/p>\n\n\n\n<p>A esto se suma el tema <em>Eso y m\u00e1s<\/em>, original de Joan Sebastian y que debut\u00f3 en la posici\u00f3n n\u00famero 1 de iTunes en 7 pa\u00edses. Adem\u00e1s de rendir homenaje al \u201cPoeta del pueblo\u201d, las ganancias netas de esta grabaci\u00f3n est\u00e1n siendo donadas a las fundaciones MusiCares COVID-19 Relief Fund en Estados Unidos y a M\u00fasicaM\u00e9xico COVID-19 en M\u00e9xico, ambas iniciativas con el objetivo de apoyar a los m\u00fasicos afectados por la pandemia del Coronavirus COVID-19 y&nbsp;buscar oportunidades para ellos.<\/p>\n\n\n\n<p>Alejandro Fern\u00e1ndez ha cantado en diversos escenarios a lo largo del mundo y en esta ocasi\u00f3n tan especial no pod\u00eda olvidarse de sus fans fuera de M\u00e9xico. Por eso, <strong>AM\u00c9RICA A UNA SOLA VOZ <\/strong>podr\u00e1 ser disfrutado tambi\u00e9n en Estados Unidos, Colombia, Per\u00fa, Ecuador, Paraguay, Chile, Venezuela, Argentina, Brasil, Uruguay y Centroam\u00e9rica. La cita es <strong>el 3 de octubre a las 20:30 horas<\/strong> (horario de la CDMX)<strong>.<\/strong>Los fans en el territorio mexicano podr\u00e1n vivir esta inolvidable experiencia a trav\u00e9s de la plataforma <strong>eTicket Live<\/strong>. Los boletos estar\u00e1n disponibles a partir del2 de septiembre a las 12 pm<strong>.<\/strong><\/p>\n\n\n\n<p><strong>OCESA <\/strong>agradece a sus patrocinadores y socios comerciales, quienes han sido parte fundamental en la evoluci\u00f3n del entretenimiento en M\u00e9xico. En esta ocasi\u00f3n, como parte de Irrepetible, <strong>Citibanamex<\/strong> seguir\u00e1 construyendo sobre el mundo de las experiencias, ofreciendo a sus tarjetahabientes un 30% de descuento permanente en todos los shows.<\/p>\n\n\n\n<p><strong>IRREPETIBLE, <\/strong>una nueva forma de vivir los conciertos. Se trata de una serie de contenidos digitales en los que <strong>OCESA<\/strong> presentar\u00e1 hasta 75 artistas, entre conciertos \u00fanicos.<\/p>\n\n\n\n<p>Para m\u00e1s informaci\u00f3n, visita las siguientes p\u00e1ginas:<\/p>\n\n\n\n<p><a href=\"http:\/\/www.ocesa.com.mx\/\" target=\"_blank\" rel=\"noopener\">www.ocesa.com.mx<\/a><\/p>\n\n\n\n<p><a href=\"http:\/\/www.facebook.com\/ocesamx\" target=\"_blank\" rel=\"noopener\">www.facebook.com\/ocesamx<\/a><\/p>\n\n\n\n<p><a href=\"http:\/\/www.twitter.com\/ocesa_total\" target=\"_blank\" rel=\"noopener\">www.twitter.com\/ocesa_total<\/a><\/p>\n\n\n\n<p><a href=\"http:\/\/www.alejandrofernandez.com\/\" target=\"_blank\" rel=\"noopener\">www.alejandrofernandez.com<\/a><\/p>\n\n\n\n<p>TW: @alexoficial<\/p>\n\n\n\n<p>FB: Alejandro Fern\u00e1ndez<\/p>\n\n\n\n<p>IG: @Alexoficial<\/p>\n\n\n\n<p>YT: Alejandro Fern\u00e1ndez<\/p>\n<div class=\"fb-background-color\">\n\t\t\t  <div \n\t\t\t  \tclass = \"fb-comments\" \n\t\t\t  \tdata-href = \"https:\/\/www.solograndes.com\/portal\/2020\/09\/06\/ocesa-presenta-a-alejandro-fernandez\/\"\n\t\t\t  \tdata-numposts = \"10\"\n\t\t\t  \tdata-lazy = \"true\"\n\t\t\t\tdata-colorscheme = \"light\"\n\t\t\t\tdata-order-by = \"reverse_time\"\n\t\t\t\tdata-mobile=true>\n\t\t\t  <\/div><\/div>\n\t\t  <style>\n\t\t    .fb-background-color {\n\t\t\t\tbackground:  !important;\n\t\t\t}\n\t\t\t.fb_iframe_widget_fluid_desktop iframe {\n\t\t\t    width: 100% !important;\n\t\t\t}\n\t\t  <\/style>\n\t\t  ","protected":false},"excerpt":{"rendered":"<p>El m\u00e1ximo exponente de la m\u00fasica mexicana presentar\u00e1 el espect\u00e1culo AM\u00c9RICA A UNA SOLA VOZ bajo el concepto IRREPETIBLEUna oportunidad \u00fanica para disfrutar en casa del concierto in\u00e9dito de un artista internacional El evento ser\u00e1 transmitido en M\u00e9xico, Estados Unidos, Centro y Sudam\u00e9rica S\u00e1bado 3 de octubre de 2020, 20:30 hrs.En M\u00e9xico disfr\u00fatalo a trav\u00e9s [&hellip;]<\/p>\n","protected":false},"author":1,"featured_media":2450,"comment_status":"open","ping_status":"open","sticky":false,"template":"","format":"standard","meta":{"_jetpack_memberships_contains_paid_content":false,"footnotes":""},"categories":[17],"tags":[],"class_list":["post-2449","post","type-post","status-publish","format-standard","has-post-thumbnail","hentry","category-eventos"],"jetpack_featured_media_url":"https:\/\/www.solograndes.com\/portal\/wp-content\/uploads\/2020\/09\/Alejandro-Fernandez.jpg","jetpack_sharing_enabled":true,"_links":{"self":[{"href":"https:\/\/www.solograndes.com\/portal\/wp-json\/wp\/v2\/posts\/2449","targetHints":{"allow":["GET"]}}],"collection":[{"href":"https:\/\/www.solograndes.com\/portal\/wp-json\/wp\/v2\/posts"}],"about":[{"href":"https:\/\/www.solograndes.com\/portal\/wp-json\/wp\/v2\/types\/post"}],"author":[{"embeddable":true,"href":"https:\/\/www.solograndes.com\/portal\/wp-json\/wp\/v2\/users\/1"}],"replies":[{"embeddable":true,"href":"https:\/\/www.solograndes.com\/portal\/wp-json\/wp\/v2\/comments?post=2449"}],"version-history":[{"count":2,"href":"https:\/\/www.solograndes.com\/portal\/wp-json\/wp\/v2\/posts\/2449\/revisions"}],"predecessor-version":[{"id":2457,"href":"https:\/\/www.solograndes.com\/portal\/wp-json\/wp\/v2\/posts\/2449\/revisions\/2457"}],"wp:featuredmedia":[{"embeddable":true,"href":"https:\/\/www.solograndes.com\/portal\/wp-json\/wp\/v2\/media\/2450"}],"wp:attachment":[{"href":"https:\/\/www.solograndes.com\/portal\/wp-json\/wp\/v2\/media?parent=2449"}],"wp:term":[{"taxonomy":"category","embeddable":true,"href":"https:\/\/www.solograndes.com\/portal\/wp-json\/wp\/v2\/categories?post=2449"},{"taxonomy":"post_tag","embeddable":true,"href":"https:\/\/www.solograndes.com\/portal\/wp-json\/wp\/v2\/tags?post=2449"}],"curies":[{"name":"wp","href":"https:\/\/api.w.org\/{rel}","templated":true}]}}