{"id":2006,"date":"2020-02-17T02:21:44","date_gmt":"2020-02-17T07:21:44","guid":{"rendered":"https:\/\/www.solograndes.com\/portal\/?p=2006"},"modified":"2020-02-20T00:08:08","modified_gmt":"2020-02-20T05:08:08","slug":"zerbia-previo-a-su-concierto-en-auditorio-rio-70","status":"publish","type":"post","link":"https:\/\/www.solograndes.com\/portal\/2020\/02\/17\/zerbia-previo-a-su-concierto-en-auditorio-rio-70\/","title":{"rendered":"Serbia previo a su concierto en Auditorio R\u00edo 70"},"content":{"rendered":"\n<p class=\"has-text-align-center\"><strong>29 DE FEBRERO ES EL CONCIERTO VE POR LOS \u00daLTIMOS BOLETOS<\/strong><\/p>\n\n\n\n<p> Febrero 16 2020.- Los muchachos de Serbia tuvieron el d\u00eda de hoy un encuentro con sus seguidores en el lugar donde ser\u00e1 su pr\u00f3ximo concierto, el Auditorio R\u00edo 70. El encuentro consist\u00eda en una firma de aut\u00f3grafos y fotograf\u00edas con los fan\u00e1ticos, que ansiosos hac\u00edan fila al exterior del recinto.<\/p>\n\n\n\n<p>Previo a esta firma de aut\u00f3grafos, ofrecieron una rueda de prensa a los medios, donde hablaron entre otras cosas, de su presentaci\u00f3n en el Lunario del Auditorio Nacional, su visita a Colombia, su pas\u00f3 por los antros de Monterrey en sus inicios, y claro, sobre su m\u00e1s reciente EP \u00abMonstruos\u00bb y su presentaci\u00f3n estelar, este 29 de Febrero en el Auditorio R\u00edo 70. <\/p>\n\n\n\n<p><em>Por Jes\u00fas Ibarra<br>Im\u00e1genes: Carlos Palacios<\/em><\/p>\n<div class=\"fb-background-color\">\n\t\t\t  <div \n\t\t\t  \tclass = \"fb-comments\" \n\t\t\t  \tdata-href = \"https:\/\/www.solograndes.com\/portal\/2020\/02\/17\/zerbia-previo-a-su-concierto-en-auditorio-rio-70\/\"\n\t\t\t  \tdata-numposts = \"10\"\n\t\t\t  \tdata-lazy = \"true\"\n\t\t\t\tdata-colorscheme = \"light\"\n\t\t\t\tdata-order-by = \"reverse_time\"\n\t\t\t\tdata-mobile=true>\n\t\t\t  <\/div><\/div>\n\t\t  <style>\n\t\t    .fb-background-color {\n\t\t\t\tbackground:  !important;\n\t\t\t}\n\t\t\t.fb_iframe_widget_fluid_desktop iframe {\n\t\t\t    width: 100% !important;\n\t\t\t}\n\t\t  <\/style>\n\t\t  ","protected":false},"excerpt":{"rendered":"<p>29 DE FEBRERO ES EL CONCIERTO VE POR LOS \u00daLTIMOS BOLETOS Febrero 16 2020.- Los muchachos de Serbia tuvieron el d\u00eda de hoy un encuentro con sus seguidores en el lugar donde ser\u00e1 su pr\u00f3ximo concierto, el Auditorio R\u00edo 70. El encuentro consist\u00eda en una firma de aut\u00f3grafos y fotograf\u00edas con los fan\u00e1ticos, que ansiosos [&hellip;]<\/p>\n","protected":false},"author":1,"featured_media":2009,"comment_status":"open","ping_status":"open","sticky":false,"template":"","format":"video","meta":{"_jetpack_memberships_contains_paid_content":false,"footnotes":""},"categories":[19],"tags":[45,44,43],"class_list":["post-2006","post","type-post","status-publish","format-video","has-post-thumbnail","hentry","category-entrevistas","tag-auditorio-rio-70","tag-monstruos","tag-zerbia","post_format-post-format-video"],"jetpack_featured_media_url":"https:\/\/www.solograndes.com\/portal\/wp-content\/uploads\/2020\/02\/maxresdefault-5.jpg","jetpack_sharing_enabled":true,"_links":{"self":[{"href":"https:\/\/www.solograndes.com\/portal\/wp-json\/wp\/v2\/posts\/2006","targetHints":{"allow":["GET"]}}],"collection":[{"href":"https:\/\/www.solograndes.com\/portal\/wp-json\/wp\/v2\/posts"}],"about":[{"href":"https:\/\/www.solograndes.com\/portal\/wp-json\/wp\/v2\/types\/post"}],"author":[{"embeddable":true,"href":"https:\/\/www.solograndes.com\/portal\/wp-json\/wp\/v2\/users\/1"}],"replies":[{"embeddable":true,"href":"https:\/\/www.solograndes.com\/portal\/wp-json\/wp\/v2\/comments?post=2006"}],"version-history":[{"count":3,"href":"https:\/\/www.solograndes.com\/portal\/wp-json\/wp\/v2\/posts\/2006\/revisions"}],"predecessor-version":[{"id":2020,"href":"https:\/\/www.solograndes.com\/portal\/wp-json\/wp\/v2\/posts\/2006\/revisions\/2020"}],"wp:featuredmedia":[{"embeddable":true,"href":"https:\/\/www.solograndes.com\/portal\/wp-json\/wp\/v2\/media\/2009"}],"wp:attachment":[{"href":"https:\/\/www.solograndes.com\/portal\/wp-json\/wp\/v2\/media?parent=2006"}],"wp:term":[{"taxonomy":"category","embeddable":true,"href":"https:\/\/www.solograndes.com\/portal\/wp-json\/wp\/v2\/categories?post=2006"},{"taxonomy":"post_tag","embeddable":true,"href":"https:\/\/www.solograndes.com\/portal\/wp-json\/wp\/v2\/tags?post=2006"}],"curies":[{"name":"wp","href":"https:\/\/api.w.org\/{rel}","templated":true}]}}