{"id":1521,"date":"2019-09-22T23:49:01","date_gmt":"2019-09-23T04:49:01","guid":{"rendered":"https:\/\/www.solograndes.com\/portal\/?p=1521"},"modified":"2019-09-22T23:49:04","modified_gmt":"2019-09-23T04:49:04","slug":"la-leyenda-vive-24-aniversario","status":"publish","type":"post","link":"https:\/\/www.solograndes.com\/portal\/2019\/09\/22\/la-leyenda-vive-24-aniversario\/","title":{"rendered":"La Leyenda Vive, 24 Aniversario"},"content":{"rendered":"\n<p>Septiembre 21 2019.- La noche del S\u00e1bado, el grupo musical la Leyenda celebr\u00f3 su 24 aniversario de trayectoria musical en el Auditorio CitiBanamex, ubicado en las instalaciones del Parque Fundidora.<\/p>\n\n\n\n<p> En la entrada del recinto se pod\u00eda ver un \u201cfara fara\u201d amenizando la llegada del p\u00fablico que desde temprano se hicieron presentes, en su mayor\u00eda vistiendo estilo norte\u00f1o, al igual que su grupo favorito. Adem\u00e1s, al ingresar al lugar te obsequiaban un sombrero y pod\u00edas disfrutar de unos taquitos de discada, un platillo muy caracter\u00edstico de nuestra regi\u00f3n.<\/p>\n\n\n\n<p> El show comenz\u00f3 alrededor de las 9:30 pm  con la apertura del comediante Mike Salazar, el cual se encarg\u00f3 de hacer re\u00edr al p\u00fablico durante 30 minutos, mientras los fan\u00e1ticos de la Leyenda llenaban el lugar .<\/p>\n\n\n\n<p>Fue a las 10:15 de la noche cuando las luces se apagaron y la gente centro su mirada al escenario, pues el show \u00abVive la Leyenda\u00bb, arranc\u00f3 al estilo de cuento de Walt Disney presentando a cada uno de los integrantes, mientras los asistentes se emocionaban en cada menci\u00f3n y no pod\u00edan faltar los suspiros y gritos de las chicas, al ver a sus \u00eddolos frente a ellas.<\/p>\n\n\n\n<p> \u201cYa no te aguanto\u201d fue unos de los temas con el que iniciaron la noche y que el p\u00fablico inmediatamente identific\u00f3 y comenz\u00f3 a cantar. Otros temas fueron;  Me haces falta , Ay! amor, Que te lleve  la tristeza y  Pedacito de sol. Pero uno de los temas m\u00e1s solicitados y cantados por el p\u00fablico fue \u00abAcaso piensas t\u00fa\u00bb, en el cual la mayor\u00eda de las parejas comenzaron a bailar.<\/p>\n\n\n\n<p> La  primer sorpresa de la noche estuvo a cargo del grupo Moderatto, quienes entraron al escenario a las once de la noche con el tema \u00abSentimental\u00bb emocionando al p\u00fablico, quienes ayudaron a cantarlo. Tambi\u00e9n interpretaron un segundo tema titulado \u00abYa lo ve\u00eda venir\u00bb en la que el vocalista de Moderatto invit\u00f3 a pasar al escenario, a un fan\u00e1tico para que tocara la guitarra y despu\u00e9s regal\u00e1rsela, el afortunado de nombre, Adri\u00e1n Quiroga no lo pod\u00eda creer.<\/p>\n\n\n\n<p>Con una barba tupida, jeans negros, camisa y sombrero del mismo color, enton\u00f3 la canci\u00f3n \u00abLl\u00e9vame contigo\u00bb el se\u00f1or\u00f3n Bobby Pulido, quien subi\u00f3 al escenario, pasada ya la media noche. Todo el recinto se alborot\u00f3 y se levant\u00f3 de sus asientos, para cantar a todo pulm\u00f3n este \u00e9xito de del Golden Boy. Adem\u00e1s deleit\u00f3 a los asistentes con el tema \u00abDesvelado\u00bb  y por \u00faltimo puso a bailar al p\u00fablico con el tema \u00ab\u00c1ndale g\u00fcerita\u00bb. El cantante agredecio la invitaci\u00f3n a este festejo y felicito a la agrupaci\u00f3n por su aniversario.<br><\/p>\n\n\n\n<p>El espect\u00e1culo continu\u00f3 y con el p\u00fablico ya en ambiente, se pod\u00edan observar los pasillos siendo utilizados como pista de baile, algunos en pareja y uno que otro bailando en solitario, adem\u00e1s de los grupitos de amigos y amigas que acompa\u00f1ados de unas fr\u00edas bebidas, coreaban el tema \u00abTragos de amargo licor\u00bb.<\/p>\n\n\n\n<p>El \u00faltimo invitado de esta fiesta, fu\u00e9 Federico Caballero, \u00abla Guayabita\u00bb, con quien interpretaron los temas \u00abEl Pipiripau\u00bb, \u00abEl Zancudito loco\u00bb y \u00abMi Vecinita\u00bb.<\/p>\n\n\n\n<p> <em>Antonio Arroyo<\/em><\/p>\n<div class=\"fb-background-color\">\n\t\t\t  <div \n\t\t\t  \tclass = \"fb-comments\" \n\t\t\t  \tdata-href = \"https:\/\/www.solograndes.com\/portal\/2019\/09\/22\/la-leyenda-vive-24-aniversario\/\"\n\t\t\t  \tdata-numposts = \"10\"\n\t\t\t  \tdata-lazy = \"true\"\n\t\t\t\tdata-colorscheme = \"light\"\n\t\t\t\tdata-order-by = \"reverse_time\"\n\t\t\t\tdata-mobile=true>\n\t\t\t  <\/div><\/div>\n\t\t  <style>\n\t\t    .fb-background-color {\n\t\t\t\tbackground:  !important;\n\t\t\t}\n\t\t\t.fb_iframe_widget_fluid_desktop iframe {\n\t\t\t    width: 100% !important;\n\t\t\t}\n\t\t  <\/style>\n\t\t  ","protected":false},"excerpt":{"rendered":"<p>Septiembre 21 2019.- La noche del S\u00e1bado, el grupo musical la Leyenda celebr\u00f3 su 24 aniversario de trayectoria musical en el Auditorio CitiBanamex, ubicado en las instalaciones del Parque Fundidora. En la entrada del recinto se pod\u00eda ver un \u201cfara fara\u201d amenizando la llegada del p\u00fablico que desde temprano se hicieron presentes, en su mayor\u00eda [&hellip;]<\/p>\n","protected":false},"author":1,"featured_media":1524,"comment_status":"open","ping_status":"open","sticky":false,"template":"","format":"video","meta":{"_jetpack_memberships_contains_paid_content":false,"footnotes":""},"categories":[18],"tags":[],"class_list":["post-1521","post","type-post","status-publish","format-video","has-post-thumbnail","hentry","category-resenas","post_format-post-format-video"],"jetpack_featured_media_url":"https:\/\/www.solograndes.com\/portal\/wp-content\/uploads\/2019\/09\/hqdefault-1.jpg","jetpack_sharing_enabled":true,"_links":{"self":[{"href":"https:\/\/www.solograndes.com\/portal\/wp-json\/wp\/v2\/posts\/1521","targetHints":{"allow":["GET"]}}],"collection":[{"href":"https:\/\/www.solograndes.com\/portal\/wp-json\/wp\/v2\/posts"}],"about":[{"href":"https:\/\/www.solograndes.com\/portal\/wp-json\/wp\/v2\/types\/post"}],"author":[{"embeddable":true,"href":"https:\/\/www.solograndes.com\/portal\/wp-json\/wp\/v2\/users\/1"}],"replies":[{"embeddable":true,"href":"https:\/\/www.solograndes.com\/portal\/wp-json\/wp\/v2\/comments?post=1521"}],"version-history":[{"count":1,"href":"https:\/\/www.solograndes.com\/portal\/wp-json\/wp\/v2\/posts\/1521\/revisions"}],"predecessor-version":[{"id":1522,"href":"https:\/\/www.solograndes.com\/portal\/wp-json\/wp\/v2\/posts\/1521\/revisions\/1522"}],"wp:featuredmedia":[{"embeddable":true,"href":"https:\/\/www.solograndes.com\/portal\/wp-json\/wp\/v2\/media\/1524"}],"wp:attachment":[{"href":"https:\/\/www.solograndes.com\/portal\/wp-json\/wp\/v2\/media?parent=1521"}],"wp:term":[{"taxonomy":"category","embeddable":true,"href":"https:\/\/www.solograndes.com\/portal\/wp-json\/wp\/v2\/categories?post=1521"},{"taxonomy":"post_tag","embeddable":true,"href":"https:\/\/www.solograndes.com\/portal\/wp-json\/wp\/v2\/tags?post=1521"}],"curies":[{"name":"wp","href":"https:\/\/api.w.org\/{rel}","templated":true}]}}