{"id":1046,"date":"2019-06-22T18:11:32","date_gmt":"2019-06-22T23:11:32","guid":{"rendered":"https:\/\/www.solograndes.com\/portal\/?p=1046"},"modified":"2019-06-22T18:11:39","modified_gmt":"2019-06-22T23:11:39","slug":"los-caliz-estrenan-harina-de-costal","status":"publish","type":"post","link":"https:\/\/www.solograndes.com\/portal\/2019\/06\/22\/los-caliz-estrenan-harina-de-costal\/","title":{"rendered":"Los Caliz estrenan \u201cHarina de Costal\u201d"},"content":{"rendered":"\n<p>Los Caliz siguen trabajando muy duro esta vez estrenan durante la primeras horas del 21 de junio el tema  \u201cHarina del Costal\u201d, a trav\u00e9s de  todas las  plataformas digitales. <\/p>\n\n\n\n<p>Carlos Mendoza, Sebasti\u00e1n Mendoza y Alejandro Hern\u00e1ndez se han mantenido juntos desde hace m\u00e1s de tres a\u00f1os y medio compartiendo el mismo sue\u00f1o conquistar el con su estilo, voz y m\u00fasica al p\u00fablico. <\/p>\n\n\n\n<p>\u201cHarina de Costal\u201d, es un tema que fue escrito por Salvador Hurtado y Mario Castelo. <\/p>\n\n\n\n<p>Fue el 10 de mayo cuando Los Caliz estrenaron su primer sencillo titulado \u201cTe perdono\u201d, el cual ya cuenta con m\u00e1s de 350 mil visitas en su canal oficial de YouTube. <\/p>\n\n\n\n<p>\u201cHarina de Costal\u201d y \u201cTe perdono\u201d forman parte del pr\u00f3ximo material discogr\u00e1fico de los Caliz de los cuales depender\u00e1n 11 temas.<\/p>\n<div class=\"fb-background-color\">\n\t\t\t  <div \n\t\t\t  \tclass = \"fb-comments\" \n\t\t\t  \tdata-href = \"https:\/\/www.solograndes.com\/portal\/2019\/06\/22\/los-caliz-estrenan-harina-de-costal\/\"\n\t\t\t  \tdata-numposts = \"10\"\n\t\t\t  \tdata-lazy = \"true\"\n\t\t\t\tdata-colorscheme = \"light\"\n\t\t\t\tdata-order-by = \"reverse_time\"\n\t\t\t\tdata-mobile=true>\n\t\t\t  <\/div><\/div>\n\t\t  <style>\n\t\t    .fb-background-color {\n\t\t\t\tbackground:  !important;\n\t\t\t}\n\t\t\t.fb_iframe_widget_fluid_desktop iframe {\n\t\t\t    width: 100% !important;\n\t\t\t}\n\t\t  <\/style>\n\t\t  ","protected":false},"excerpt":{"rendered":"<p>Los Caliz siguen trabajando muy duro esta vez estrenan durante la primeras horas del 21 de junio el tema \u201cHarina del Costal\u201d, a trav\u00e9s de todas las plataformas digitales. Carlos Mendoza, Sebasti\u00e1n Mendoza y Alejandro Hern\u00e1ndez se han mantenido juntos desde hace m\u00e1s de tres a\u00f1os y medio compartiendo el mismo sue\u00f1o conquistar el con [&hellip;]<\/p>\n","protected":false},"author":1,"featured_media":1047,"comment_status":"open","ping_status":"open","sticky":false,"template":"","format":"standard","meta":{"_jetpack_memberships_contains_paid_content":false,"footnotes":""},"categories":[19],"tags":[],"class_list":["post-1046","post","type-post","status-publish","format-standard","has-post-thumbnail","hentry","category-entrevistas"],"jetpack_featured_media_url":"https:\/\/www.solograndes.com\/portal\/wp-content\/uploads\/2019\/06\/Los-Caliz.jpeg","jetpack_sharing_enabled":true,"_links":{"self":[{"href":"https:\/\/www.solograndes.com\/portal\/wp-json\/wp\/v2\/posts\/1046","targetHints":{"allow":["GET"]}}],"collection":[{"href":"https:\/\/www.solograndes.com\/portal\/wp-json\/wp\/v2\/posts"}],"about":[{"href":"https:\/\/www.solograndes.com\/portal\/wp-json\/wp\/v2\/types\/post"}],"author":[{"embeddable":true,"href":"https:\/\/www.solograndes.com\/portal\/wp-json\/wp\/v2\/users\/1"}],"replies":[{"embeddable":true,"href":"https:\/\/www.solograndes.com\/portal\/wp-json\/wp\/v2\/comments?post=1046"}],"version-history":[{"count":1,"href":"https:\/\/www.solograndes.com\/portal\/wp-json\/wp\/v2\/posts\/1046\/revisions"}],"predecessor-version":[{"id":1048,"href":"https:\/\/www.solograndes.com\/portal\/wp-json\/wp\/v2\/posts\/1046\/revisions\/1048"}],"wp:featuredmedia":[{"embeddable":true,"href":"https:\/\/www.solograndes.com\/portal\/wp-json\/wp\/v2\/media\/1047"}],"wp:attachment":[{"href":"https:\/\/www.solograndes.com\/portal\/wp-json\/wp\/v2\/media?parent=1046"}],"wp:term":[{"taxonomy":"category","embeddable":true,"href":"https:\/\/www.solograndes.com\/portal\/wp-json\/wp\/v2\/categories?post=1046"},{"taxonomy":"post_tag","embeddable":true,"href":"https:\/\/www.solograndes.com\/portal\/wp-json\/wp\/v2\/tags?post=1046"}],"curies":[{"name":"wp","href":"https:\/\/api.w.org\/{rel}","templated":true}]}}